{"id":15988,"date":"2018-04-10T09:50:15","date_gmt":"2018-04-10T13:50:15","guid":{"rendered":"http:\/\/www.corumbaonline.com.br\/news\/?p=15988"},"modified":"2018-04-10T10:15:45","modified_gmt":"2018-04-10T14:15:45","slug":"carmen-lucia-assumira-a-presidencia-da-republica-na-sexta-feira","status":"publish","type":"post","link":"https:\/\/www.corumbaonline.com.br\/news\/carmen-lucia-assumira-a-presidencia-da-republica-na-sexta-feira\/","title":{"rendered":"C\u00e1rmen L\u00facia assumir\u00e1 a Presid\u00eancia da Rep\u00fablica na sexta-feira"},"content":{"rendered":"<p>A presidente do Supremo Tribunal Federal (STF), ministra C\u00e1rmen L\u00facia, assumir\u00e1 a presid\u00eancia da Rep\u00fablica por algumas horas, a partir da pr\u00f3xima sexta-feira (13). Isso porque o presidente Michel Temer viajar\u00e1 para o Peru, onde participar\u00e1 da C\u00fapula das Am\u00e9ricas. C\u00e1rmen L\u00facia assume o comando do pa\u00eds assim que Temer deixar o espa\u00e7o a\u00e9reo brasileiro, na sexta-feira. O presidente retorna no dia seguinte, em hor\u00e1rio a definir.<\/p>\n<p>Apesar de Rodrigo Maia, presidente da C\u00e2mara, e Eun\u00edcio Oliveira, presidente do Senado, aparecem na frente de C\u00e1rmen L\u00facia na linha sucess\u00f3ria, eles se tornariam ineleg\u00edveis no pleito deste ano caso assumissem o posto de Temer. Com isso, ambos deixar\u00e3o o pa\u00eds no mesmo per\u00edodo. Eun\u00edcio far\u00e1 uma viagem previamente marcada ao Jap\u00e3o e Maia visitar\u00e1 o Panam\u00e1 para participar de um evento.<\/p>\n<p>N\u00e3o \u00e9 a primeira vez que um presidente do STF assume interinamente a presid\u00eancia da Rep\u00fablica. Em setembro de 2014, Ricardo Lewandowski foi presidente por dois dias, quando a presidente Dilma Rousseff e Michel Temer, ent\u00e3o vice-presidente, estavam em agendas fora do pa\u00eds.<\/p>\n<p>Em 2002, foi o ministro Marco Aur\u00e9lio Mello, em virtude de uma viagem de Fernando Henrique Cardoso \u00e0 Europa. Na ocasi\u00e3o, o vice-presidente tamb\u00e9m estava fora do pa\u00eds e os presidentes da C\u00e2mara e o Senado acompanharam FHC em sua viagem.<\/p>\n<p>Os outros ministros do STF que j\u00e1 assumiram interinamente a cadeira de presidente da Rep\u00fablica foram Jos\u00e9 Linhares, que assumiu, com a deposi\u00e7\u00e3o de Get\u00falio Vargas, de 30 de outubro de 1945 a 31 de janeiro de 1946; Jos\u00e9 Carlos Moreira Alves, em 1986; e Oct\u00e1vio Gallotti, em agosto de 1994.<\/p>\n","protected":false},"excerpt":{"rendered":"<p>A presidente do Supremo Tribunal Federal (STF), ministra C\u00e1rmen L\u00facia, assumir\u00e1 a presid\u00eancia da Rep\u00fablica&#8230;<\/p>\n","protected":false},"author":1,"featured_media":0,"comment_status":"closed","ping_status":"closed","sticky":false,"template":"","format":"standard","meta":{"footnotes":""},"categories":[19],"tags":[],"class_list":["post-15988","post","type-post","status-publish","format-standard","hentry","category-politica"],"_links":{"self":[{"href":"https:\/\/www.corumbaonline.com.br\/news\/wp-json\/wp\/v2\/posts\/15988","targetHints":{"allow":["GET"]}}],"collection":[{"href":"https:\/\/www.corumbaonline.com.br\/news\/wp-json\/wp\/v2\/posts"}],"about":[{"href":"https:\/\/www.corumbaonline.com.br\/news\/wp-json\/wp\/v2\/types\/post"}],"author":[{"embeddable":true,"href":"https:\/\/www.corumbaonline.com.br\/news\/wp-json\/wp\/v2\/users\/1"}],"replies":[{"embeddable":true,"href":"https:\/\/www.corumbaonline.com.br\/news\/wp-json\/wp\/v2\/comments?post=15988"}],"version-history":[{"count":1,"href":"https:\/\/www.corumbaonline.com.br\/news\/wp-json\/wp\/v2\/posts\/15988\/revisions"}],"predecessor-version":[{"id":15989,"href":"https:\/\/www.corumbaonline.com.br\/news\/wp-json\/wp\/v2\/posts\/15988\/revisions\/15989"}],"wp:attachment":[{"href":"https:\/\/www.corumbaonline.com.br\/news\/wp-json\/wp\/v2\/media?parent=15988"}],"wp:term":[{"taxonomy":"category","embeddable":true,"href":"https:\/\/www.corumbaonline.com.br\/news\/wp-json\/wp\/v2\/categories?post=15988"},{"taxonomy":"post_tag","embeddable":true,"href":"https:\/\/www.corumbaonline.com.br\/news\/wp-json\/wp\/v2\/tags?post=15988"}],"curies":[{"name":"wp","href":"https:\/\/api.w.org\/{rel}","templated":true}]}}