{"id":15997,"date":"2018-04-12T13:30:52","date_gmt":"2018-04-12T17:30:52","guid":{"rendered":"http:\/\/www.corumbaonline.com.br\/news\/?p=15997"},"modified":"2018-04-12T14:47:20","modified_gmt":"2018-04-12T18:47:20","slug":"supremo-retoma-julgamento-do-habeas-corpus-de-palocci","status":"publish","type":"post","link":"https:\/\/www.corumbaonline.com.br\/news\/supremo-retoma-julgamento-do-habeas-corpus-de-palocci\/","title":{"rendered":"Supremo retoma julgamento do habeas corpus de Palocci"},"content":{"rendered":"<p>O Supremo Tribunal Federal (STF) retomou h\u00e1 pouco o julgamento do\u00a0<em>habeas corpus<\/em>protocolado pela defesa do ex-ministro Ant\u00f4nio Palocci. Na sess\u00e3o desta tarde, os ministros devem decidir se o m\u00e9rito da quest\u00e3o ser\u00e1 julgado. Palocci est\u00e1 preso desde setembro de 2016 na Superintend\u00eancia da Pol\u00edcia Federal em Curitiba devido \u00e0s investiga\u00e7\u00f5es da Opera\u00e7\u00e3o Lava Jato.<\/p>\n<p>Ontem (11), na primeira parte da sess\u00e3o, por 6 votos a 5, a Corte rejeitou o pedido de\u00a0<em>habeas corpus<\/em>\u00a0por quest\u00f5es processuais. Para a maioria, a defesa deve protocolar outro\u00a0<em>habeas corpus<\/em>porque o decreto de pris\u00e3o preventiva do ex-ministro foi substitu\u00eddo pela senten\u00e7a, que determinou o regime inicial fechado. No entanto, o relator do caso, Edson Fachin, chegou a votar no m\u00e9rito da quest\u00e3o, mas os ministros decidiram retomar o julgamento hoje para decidir se a quest\u00e3o ser\u00e1 realmente deliberada.<\/p>\n<p>No ano passado, Palocci foi condenado pelo juiz federal Sergio Moro a 12 anos, dois meses e 20 dias de pris\u00e3o por corrup\u00e7\u00e3o passiva e lavagem de dinheiro em um dos processos a que responde no \u00e2mbito da Lava Jato.<\/p>\n<p>De acordo com as investiga\u00e7\u00f5es, a empreiteira Odebrecht tinha uma \u201cverdadeira conta-corrente de propina\u201d com o PT, partido do ex-ministro. De acordo com os investigadores, a conta era gerida por Palocci, e os pagamentos a ele eram feitos por meio do Setor de Opera\u00e7\u00f5es Estruturadas da Odebrecht \u2013 respons\u00e1vel pelo pagamento de propina a pol\u00edticos \u2013 em troca de benef\u00edcios indevidos na Petrobras.<\/p>\n<p>No STF,\u00a0a defesa de Palocci alegou que o caso deveria ser julgado pela Segunda Turma da Corte, e n\u00e3o pelo plen\u00e1rio. Al\u00e9m disso, os advogados criticaram o \u201cuso da pris\u00e3o preventiva como forma ilegal de antecipa\u00e7\u00e3o de pena&#8221;.<\/p>\n","protected":false},"excerpt":{"rendered":"<p>O Supremo Tribunal Federal (STF) retomou h\u00e1 pouco o julgamento do\u00a0habeas corpusprotocolado pela defesa do&#8230;<\/p>\n","protected":false},"author":1,"featured_media":0,"comment_status":"closed","ping_status":"closed","sticky":false,"template":"","format":"standard","meta":{"footnotes":""},"categories":[19],"tags":[],"class_list":["post-15997","post","type-post","status-publish","format-standard","hentry","category-politica"],"_links":{"self":[{"href":"https:\/\/www.corumbaonline.com.br\/news\/wp-json\/wp\/v2\/posts\/15997","targetHints":{"allow":["GET"]}}],"collection":[{"href":"https:\/\/www.corumbaonline.com.br\/news\/wp-json\/wp\/v2\/posts"}],"about":[{"href":"https:\/\/www.corumbaonline.com.br\/news\/wp-json\/wp\/v2\/types\/post"}],"author":[{"embeddable":true,"href":"https:\/\/www.corumbaonline.com.br\/news\/wp-json\/wp\/v2\/users\/1"}],"replies":[{"embeddable":true,"href":"https:\/\/www.corumbaonline.com.br\/news\/wp-json\/wp\/v2\/comments?post=15997"}],"version-history":[{"count":1,"href":"https:\/\/www.corumbaonline.com.br\/news\/wp-json\/wp\/v2\/posts\/15997\/revisions"}],"predecessor-version":[{"id":15998,"href":"https:\/\/www.corumbaonline.com.br\/news\/wp-json\/wp\/v2\/posts\/15997\/revisions\/15998"}],"wp:attachment":[{"href":"https:\/\/www.corumbaonline.com.br\/news\/wp-json\/wp\/v2\/media?parent=15997"}],"wp:term":[{"taxonomy":"category","embeddable":true,"href":"https:\/\/www.corumbaonline.com.br\/news\/wp-json\/wp\/v2\/categories?post=15997"},{"taxonomy":"post_tag","embeddable":true,"href":"https:\/\/www.corumbaonline.com.br\/news\/wp-json\/wp\/v2\/tags?post=15997"}],"curies":[{"name":"wp","href":"https:\/\/api.w.org\/{rel}","templated":true}]}}