{"id":16010,"date":"2018-04-12T15:05:51","date_gmt":"2018-04-12T19:05:51","guid":{"rendered":"http:\/\/www.corumbaonline.com.br\/news\/?p=16010"},"modified":"2018-04-12T15:14:38","modified_gmt":"2018-04-12T19:14:38","slug":"base-curricular-do-ensino-medio-sera-debatida-em-audiencias-publicas","status":"publish","type":"post","link":"https:\/\/www.corumbaonline.com.br\/news\/base-curricular-do-ensino-medio-sera-debatida-em-audiencias-publicas\/","title":{"rendered":"Base curricular do ensino m\u00e9dio ser\u00e1 debatida em audi\u00eancias p\u00fablicas"},"content":{"rendered":"<p>O Conselho Nacional de Educa\u00e7\u00e3o (CNE) vai realizar audi\u00eancias p\u00fablicas nas cinco regi\u00f5es do pa\u00eds para debater a Base Nacional Comum Curricular (BNCC) do ensino m\u00e9dio. O documento vai orientar os curr\u00edculos dessa etapa e estabelecer as habilidades e compet\u00eancias que devem ser desenvolvidas pelos alunos ao longo do ensino m\u00e9dio em cada \u00e1rea de conhecimento.<\/p>\n<p>A primeira reuni\u00e3o ser\u00e1 realizada em Florian\u00f3polis, no dia 11 de maio. Em seguida, haver\u00e1 audi\u00eancias em S\u00e3o Paulo (8\/6), Fortaleza (6\/7), Bel\u00e9m (10\/8) e Bras\u00edlia (29\/8).<\/p>\n<p>A BNCC foi entregue na semana passada pelo Minist\u00e9rio da Educa\u00e7\u00e3o ao CNE. O conselho dever\u00e1 analisar e aprovar a BNCC antes de o documento come\u00e7ar a valer.<\/p>\n<p>No fim do ano passado, o CNE aprovou a base curricular para as outras duas etapas do ensino b\u00e1sico: a educa\u00e7\u00e3o infantil e o ensino fundamental. Tamb\u00e9m foram realizadas cinco audi\u00eancias p\u00fablicas, al\u00e9m do recebimento de sugest\u00f5es pela internet.<\/p>\n<p>O ministro da Educa\u00e7\u00e3o, Rossieli Soares, espera que a BNCC do ensino m\u00e9dio seja homologada at\u00e9 o fim deste ano, para que o processo de implementa\u00e7\u00e3o possa ser iniciado em 2019.<\/p>\n<p><strong>\u00c1reas de Conhecimento<\/strong><\/p>\n<p>O texto entregue pelo MEC organiza a BNCC do ensino m\u00e9dio por \u00e1reas do conhecimento: linguagens, matem\u00e1tica, ci\u00eancias da natureza e ci\u00eancias humanas. Apenas as disciplinas de l\u00edngua portuguesa e matem\u00e1tica aparecem como componentes curriculares, ou seja, disciplinas obrigat\u00f3rias para os tr\u00eas anos do ensino m\u00e9dio.<\/p>\n<p>Os alunos dever\u00e3o cobrir toda a BNCC em, no m\u00e1ximo, 1,8 mil horas-aula. As 1,2 mil horas restantes devem ser dedicadas ao aprofundamento no itiner\u00e1rio formativo de escolha do estudante. Esses itiner\u00e1rios ser\u00e3o desenvolvidos pelos estados e pelas escolas, e o MEC vai disponibilizar nos pr\u00f3ximos meses um guia de orienta\u00e7\u00e3o para apoiar a elabora\u00e7\u00e3o desses documentos.<\/p>\n<p>As escolas poder\u00e3o oferecer itiner\u00e1rios formativos em cada uma das \u00e1reas do conhecimento ou combinando diferentes \u00e1reas. Outra op\u00e7\u00e3o \u00e9 a oferta de itiner\u00e1rios formativos focados em algum aspecto espec\u00edfico de uma \u00e1rea. Os alunos poder\u00e3o tamb\u00e9m optar por uma forma\u00e7\u00e3o t\u00e9cnico-profissionalizante, que poder\u00e1 ser cursada dentro da carga hor\u00e1ria regular do ensino m\u00e9dio.<\/p>\n","protected":false},"excerpt":{"rendered":"<p>O Conselho Nacional de Educa\u00e7\u00e3o (CNE) vai realizar audi\u00eancias p\u00fablicas nas cinco regi\u00f5es do pa\u00eds&#8230;<\/p>\n","protected":false},"author":1,"featured_media":0,"comment_status":"closed","ping_status":"closed","sticky":false,"template":"","format":"standard","meta":{"footnotes":""},"categories":[10],"tags":[],"class_list":["post-16010","post","type-post","status-publish","format-standard","hentry","category-educacao"],"_links":{"self":[{"href":"https:\/\/www.corumbaonline.com.br\/news\/wp-json\/wp\/v2\/posts\/16010","targetHints":{"allow":["GET"]}}],"collection":[{"href":"https:\/\/www.corumbaonline.com.br\/news\/wp-json\/wp\/v2\/posts"}],"about":[{"href":"https:\/\/www.corumbaonline.com.br\/news\/wp-json\/wp\/v2\/types\/post"}],"author":[{"embeddable":true,"href":"https:\/\/www.corumbaonline.com.br\/news\/wp-json\/wp\/v2\/users\/1"}],"replies":[{"embeddable":true,"href":"https:\/\/www.corumbaonline.com.br\/news\/wp-json\/wp\/v2\/comments?post=16010"}],"version-history":[{"count":1,"href":"https:\/\/www.corumbaonline.com.br\/news\/wp-json\/wp\/v2\/posts\/16010\/revisions"}],"predecessor-version":[{"id":16011,"href":"https:\/\/www.corumbaonline.com.br\/news\/wp-json\/wp\/v2\/posts\/16010\/revisions\/16011"}],"wp:attachment":[{"href":"https:\/\/www.corumbaonline.com.br\/news\/wp-json\/wp\/v2\/media?parent=16010"}],"wp:term":[{"taxonomy":"category","embeddable":true,"href":"https:\/\/www.corumbaonline.com.br\/news\/wp-json\/wp\/v2\/categories?post=16010"},{"taxonomy":"post_tag","embeddable":true,"href":"https:\/\/www.corumbaonline.com.br\/news\/wp-json\/wp\/v2\/tags?post=16010"}],"curies":[{"name":"wp","href":"https:\/\/api.w.org\/{rel}","templated":true}]}}