{"id":16012,"date":"2018-04-12T15:23:30","date_gmt":"2018-04-12T19:23:30","guid":{"rendered":"http:\/\/www.corumbaonline.com.br\/news\/?p=16012"},"modified":"2018-04-12T15:23:30","modified_gmt":"2018-04-12T19:23:30","slug":"exposicao-sobre-peixes-do-pantanal-busca-conscientizar-populacao-para-a-importancia-da-conservacao-das-especies","status":"publish","type":"post","link":"https:\/\/www.corumbaonline.com.br\/news\/exposicao-sobre-peixes-do-pantanal-busca-conscientizar-populacao-para-a-importancia-da-conservacao-das-especies\/","title":{"rendered":"Exposi\u00e7\u00e3o sobre peixes do Pantanal busca conscientizar popula\u00e7\u00e3o para a import\u00e2ncia da conserva\u00e7\u00e3o das esp\u00e9cies"},"content":{"rendered":"<p>Com foco nos peixes da maior \u00e1rea interna alag\u00e1vel do mundo, a exposi\u00e7\u00e3o \u201cDescobrindo os peixes do Pantanal\u201d, que faz parte da Esta\u00e7\u00e3o Natureza Pantanal, segue at\u00e9 o dia 27 de abril, na cidade de Corumb\u00e1 (MS). A mostra, promovida pela Funda\u00e7\u00e3o Grupo Botic\u00e1rio de Prote\u00e7\u00e3o \u00e0 Natureza, em parceria com a Universidade Federal do Mato Grosso do Sul (UFMS) e Embrapa Pantanal, apresenta aos visitantes o padr\u00e3o comportamental das esp\u00e9cies e fen\u00f4menos ocorridos na regi\u00e3o. Ao todo s\u00e3o retratadas 25 esp\u00e9cies de peixes encontradas no bioma, sendo algumas delas\u00a0<em>in vitro<\/em>, al\u00e9m de fotos, v\u00eddeos e efeitos sonoros que buscam enriquecer a experi\u00eancia dos visitantes. S\u00e3o apresentados tamb\u00e9m dois importantes fen\u00f4menos que ocorrem na regi\u00e3o: a decoada e a piracema.<\/p>\n<p>A decoada\u00a0\u00e9 um fen\u00f4meno ligado aos per\u00edodos de cheia e seca dos rios, entre os meses de fevereiro e maio, quando as \u00e1guas recuam, a vegeta\u00e7\u00e3o aqu\u00e1tica morre e a terrestre se recomp\u00f5e. Por conta disso, durante a pr\u00f3xima cheia, a \u00e1gua avan\u00e7a novamente sobre a vegeta\u00e7\u00e3o, as bact\u00e9rias fazem o processo de decomposi\u00e7\u00e3o da mat\u00e9ria org\u00e2nica e, conforme o n\u00edvel de inunda\u00e7\u00e3o sobe, esse material chega at\u00e9 os c\u00f3rregos, lagos e rios. Dessa forma, o oxig\u00eanio presente na \u00e1gua \u00e9 consumido pela mat\u00e9ria org\u00e2nica em decomposi\u00e7\u00e3o e passa a dificultar a respira\u00e7\u00e3o dos peixes, que sobem \u00e0 superf\u00edcie em busca de ar, tornando-se assim presas vulner\u00e1veis para predadores e pescadores.<\/p>\n<p>J\u00e1 a\u00a0<em>piracema\u00a0<\/em>consiste no movimento dos peixes que nadam rio acima durante o per\u00edodo reprodutivo. O esfor\u00e7o f\u00edsico por nadar contra a correnteza faz com que os peixes queimem a gordura, o que estimula a produ\u00e7\u00e3o dos horm\u00f4nios respons\u00e1veis pelo amadurecimento dos \u00f3rg\u00e3os sexuais. Durante o fen\u00f4meno, que ocorre entre os meses de novembro e fevereiro, a pesca \u00e9 proibida por lei, devido \u00e0 vulnerabilidade dos peixes.<\/p>\n<p>\u201cN\u00f3s optamos por realizar essa exposi\u00e7\u00e3o nos meses de mar\u00e7o e abril porque \u00e9 o momento de encontro dos dois fen\u00f4menos, aproveitando assim para levar \u00e0 popula\u00e7\u00e3o informa\u00e7\u00e3o sobre eles; afinal, conhecer \u00e9 um passo essencial para valorizar a natureza pantaneira e, consequentemente, conserv\u00e1-la\u201d, explica \u00a0a\u00a0coordenadora da Esta\u00e7\u00e3o Natureza Pantanal, Tha\u00eds Machado. \u201cN\u00f3s esperamos, por meio da mostra, esclarecer e conscientizar os visitantes para a import\u00e2ncia da conserva\u00e7\u00e3o do\u00a0<em>habitat\u00a0<\/em>e das esp\u00e9cies. \u00c9 importante ressaltar que s\u00e3o fen\u00f4menos normais, mas que tornam os animais vulner\u00e1veis a impactos causados pelos seres humanos\u201d, finaliza Tha\u00eds.<\/p>\n<p><strong>Servi\u00e7o<\/strong><\/p>\n<p><strong>Exposi\u00e7\u00e3o \u201cDescobrindo os peixes do Pantanal\u201d<br \/>\n<\/strong><strong>Local:<\/strong>\u00a0Esta\u00e7\u00e3o Natureza Pantanal, na\u00a0<a href=\"https:\/\/maps.google.com\/?q=Ladeira+Jos%C3%A9+Bonif%C3%A1cio,+150&amp;entry=gmail&amp;source=g\" target=\"_blank\" rel=\"noopener noreferrer\">Ladeira Jos\u00e9 Bonif\u00e1cio, 150<\/a>\u00a0\u2013 Centro, Corumb\u00e1 &#8211; MS<br \/>\n<strong>Data:<\/strong>\u00a0At\u00e9 27 de abril<br \/>\n<strong>Hor\u00e1rios:<\/strong>\u00a0Segunda a sexta-feira, as 09h \u00e0s 11h20 e das 14h \u00e0s 17h20<br \/>\n<strong>Valor:<\/strong>\u00a0Entrada inteira: R$3,00 \/ Meia entrada: R$1,50 \/ Entrada para moradores da regi\u00e3o: R$1,00<\/p>\n","protected":false},"excerpt":{"rendered":"<p>Com foco nos peixes da maior \u00e1rea interna alag\u00e1vel do mundo, a exposi\u00e7\u00e3o \u201cDescobrindo os&#8230;<\/p>\n","protected":false},"author":1,"featured_media":16013,"comment_status":"closed","ping_status":"closed","sticky":false,"template":"","format":"standard","meta":{"footnotes":""},"categories":[8,10,17],"tags":[],"class_list":["post-16012","post","type-post","status-publish","format-standard","has-post-thumbnail","hentry","category-destaque","category-educacao","category-meio-ambiente"],"_links":{"self":[{"href":"https:\/\/www.corumbaonline.com.br\/news\/wp-json\/wp\/v2\/posts\/16012","targetHints":{"allow":["GET"]}}],"collection":[{"href":"https:\/\/www.corumbaonline.com.br\/news\/wp-json\/wp\/v2\/posts"}],"about":[{"href":"https:\/\/www.corumbaonline.com.br\/news\/wp-json\/wp\/v2\/types\/post"}],"author":[{"embeddable":true,"href":"https:\/\/www.corumbaonline.com.br\/news\/wp-json\/wp\/v2\/users\/1"}],"replies":[{"embeddable":true,"href":"https:\/\/www.corumbaonline.com.br\/news\/wp-json\/wp\/v2\/comments?post=16012"}],"version-history":[{"count":1,"href":"https:\/\/www.corumbaonline.com.br\/news\/wp-json\/wp\/v2\/posts\/16012\/revisions"}],"predecessor-version":[{"id":16014,"href":"https:\/\/www.corumbaonline.com.br\/news\/wp-json\/wp\/v2\/posts\/16012\/revisions\/16014"}],"wp:featuredmedia":[{"embeddable":true,"href":"https:\/\/www.corumbaonline.com.br\/news\/wp-json\/wp\/v2\/media\/16013"}],"wp:attachment":[{"href":"https:\/\/www.corumbaonline.com.br\/news\/wp-json\/wp\/v2\/media?parent=16012"}],"wp:term":[{"taxonomy":"category","embeddable":true,"href":"https:\/\/www.corumbaonline.com.br\/news\/wp-json\/wp\/v2\/categories?post=16012"},{"taxonomy":"post_tag","embeddable":true,"href":"https:\/\/www.corumbaonline.com.br\/news\/wp-json\/wp\/v2\/tags?post=16012"}],"curies":[{"name":"wp","href":"https:\/\/api.w.org\/{rel}","templated":true}]}}