{"id":16018,"date":"2018-04-12T15:37:03","date_gmt":"2018-04-12T19:37:03","guid":{"rendered":"http:\/\/www.corumbaonline.com.br\/news\/?p=16018"},"modified":"2018-04-12T15:35:35","modified_gmt":"2018-04-12T19:35:35","slug":"vale-universidade-concretiza-sonhos-e-revigora-esperanca-de-academicos","status":"publish","type":"post","link":"https:\/\/www.corumbaonline.com.br\/news\/vale-universidade-concretiza-sonhos-e-revigora-esperanca-de-academicos\/","title":{"rendered":"Vale Universidade concretiza sonhos e revigora esperan\u00e7a de acad\u00eamicos"},"content":{"rendered":"<p>Para muitas pessoas a chance de fazer uma gradua\u00e7\u00e3o em ensino superior \u00e9 muito pequena, seja por quest\u00f5es financeiras, de possibilidade de acesso ao curso desejado, ou mesmo por falta de incentivo. Para 600 acad\u00eamicos de Mato Grosso do Sul essa realidade j\u00e1 \u00e9 diferente, pois eles assinaram nessa ter\u00e7a-feira (11), em cerim\u00f4nia na Capital, com a presen\u00e7a do governador Reinaldo Azambuja, o termo de compromisso com o Programa Vale Universidade (PVU), onde o Governo do Estado arca com 70% da mensalidade, a Institui\u00e7\u00e3o de Ensino Superior com 20%, e o acad\u00eamico com 10%.<\/p>\n<div id=\"attachment_10261\" class=\"wp-caption alignright\"><a href=\"http:\/\/www.sedhast.ms.gov.br\/wp-content\/uploads\/sites\/21\/2018\/04\/IMG_1527.jpg\" rel=\"attachment wp-att-10261\"><img loading=\"lazy\" decoding=\"async\" class=\"wp-image-10261\" src=\"http:\/\/www.sedhast.ms.gov.br\/wp-content\/uploads\/sites\/21\/2018\/04\/IMG_1527.jpg\" alt=\"\" width=\"301\" height=\"201\" \/><\/a><\/p>\n<p class=\"wp-caption-text\"><em>Wellington da Silva estuda Direito com o benef\u00edcio do Vale Universidade.<\/em><\/p>\n<\/div>\n<p>Wellington da Silva, 19 anos, \u00e9 um dos acad\u00eamicos que j\u00e1 contam com o benef\u00edcio do Vale Universidade. Aluno do curso de Direito, o rapaz acredita que sem o aux\u00edlio seria imposs\u00edvel continuar no curso. \u201cFiz minha inscri\u00e7\u00e3o ap\u00f3s ver em uma not\u00edcia pela internet do que se tratava o programa. Na hora percebi que era uma \u00f3tima oportunidade e o que eu precisava para continuar minha faculdade\u201d, conta.<\/p>\n<p>Mesmo morando com os pais o jovem revela que a dificuldade financeira seria grande empecilho em sua continuidade. Ele diz que ainda n\u00e3o sabe como quer atuar ap\u00f3s a conclus\u00e3o do curso, mas j\u00e1 sabe que com o est\u00e1gio que ir\u00e1 cursar pelo Vale Universidade sua escolha ser\u00e1 bem melhor pautada.<\/p>\n<p>Para a titular da Secretaria de Estado de Direitos Humanos, Assist\u00eancia Social e Trabalho (Sedhast), Elisa Cleia Nobre, o Programa Vale Universidade refor\u00e7a o potencial humano, al\u00e9m de criar uma conex\u00e3o entre postulante e a universidade. \u201c\u00c9 um programa que d\u00e1 oportunidades e transforma vidas gerando benef\u00edcios para toda a sociedade\u201d, diz.<\/p>\n<div id=\"attachment_10263\" class=\"wp-caption aligncenter\"><a href=\"http:\/\/www.sedhast.ms.gov.br\/wp-content\/uploads\/sites\/21\/2018\/04\/IMG_1545.jpg\" rel=\"attachment wp-att-10263\"><img loading=\"lazy\" decoding=\"async\" class=\"wp-image-10263 size-full\" src=\"http:\/\/www.sedhast.ms.gov.br\/wp-content\/uploads\/sites\/21\/2018\/04\/IMG_1545.jpg\" alt=\"\" width=\"2824\" height=\"2016\" \/><\/a><\/p>\n<p class=\"wp-caption-text\"><em>Secret\u00e1ria Elisa Cleia assina ao termo do Vale Universidade ao lado do governador Reinaldo Azambuja.<\/em><\/p>\n<\/div>\n<p>Cursando Psicologia em uma universidade da Capital, as amigas Mirele Martins, 17 anos, e Rayane Gomes, 18 anos, compartilham um sentimento em comum, de que o PVU chegou na hora certa em suas vidas.<\/p>\n<p>Mirele j\u00e1 estava preocupada com o seu futuro no curso. \u201cTeria que trancar a matr\u00edcula e arrumar um emprego. N\u00e3o teria como continuar\u201d, diz ao mencionar a mensalidade superior aos R$ 1 mil. Rayane aponta o incentivo das amigas, com quem mora, como fator para sua entrada no Vale Universidade. \u201cFiquei sabendo na universidade e elas [amigas] me incentivaram e eu fiz a inscri\u00e7\u00e3o. Juntei tudo o que precisava e consegui. Foi uma correria, mas valeu muito, pois assim consigo terminar meu curso\u201d, finaliza.<\/p>\n<p>O Programa Vale Universidade, institu\u00eddo pela Lei n\u00ba 3.783, de 16 de novembro de 2009, e gerenciado pela Sedhast, visa, entre seus objetivos, dar oportunidade ao estudante universit\u00e1rio o aprimoramento a sua forma\u00e7\u00e3o profissional, mediante concess\u00e3o de benef\u00edcio social.<\/p>\n","protected":false},"excerpt":{"rendered":"<p>Para muitas pessoas a chance de fazer uma gradua\u00e7\u00e3o em ensino superior \u00e9 muito pequena,&#8230;<\/p>\n","protected":false},"author":1,"featured_media":0,"comment_status":"closed","ping_status":"closed","sticky":false,"template":"","format":"standard","meta":{"footnotes":""},"categories":[10],"tags":[],"class_list":["post-16018","post","type-post","status-publish","format-standard","hentry","category-educacao"],"_links":{"self":[{"href":"https:\/\/www.corumbaonline.com.br\/news\/wp-json\/wp\/v2\/posts\/16018","targetHints":{"allow":["GET"]}}],"collection":[{"href":"https:\/\/www.corumbaonline.com.br\/news\/wp-json\/wp\/v2\/posts"}],"about":[{"href":"https:\/\/www.corumbaonline.com.br\/news\/wp-json\/wp\/v2\/types\/post"}],"author":[{"embeddable":true,"href":"https:\/\/www.corumbaonline.com.br\/news\/wp-json\/wp\/v2\/users\/1"}],"replies":[{"embeddable":true,"href":"https:\/\/www.corumbaonline.com.br\/news\/wp-json\/wp\/v2\/comments?post=16018"}],"version-history":[{"count":1,"href":"https:\/\/www.corumbaonline.com.br\/news\/wp-json\/wp\/v2\/posts\/16018\/revisions"}],"predecessor-version":[{"id":16019,"href":"https:\/\/www.corumbaonline.com.br\/news\/wp-json\/wp\/v2\/posts\/16018\/revisions\/16019"}],"wp:attachment":[{"href":"https:\/\/www.corumbaonline.com.br\/news\/wp-json\/wp\/v2\/media?parent=16018"}],"wp:term":[{"taxonomy":"category","embeddable":true,"href":"https:\/\/www.corumbaonline.com.br\/news\/wp-json\/wp\/v2\/categories?post=16018"},{"taxonomy":"post_tag","embeddable":true,"href":"https:\/\/www.corumbaonline.com.br\/news\/wp-json\/wp\/v2\/tags?post=16018"}],"curies":[{"name":"wp","href":"https:\/\/api.w.org\/{rel}","templated":true}]}}