{"id":16020,"date":"2018-04-12T15:44:55","date_gmt":"2018-04-12T19:44:55","guid":{"rendered":"http:\/\/www.corumbaonline.com.br\/news\/?p=16020"},"modified":"2018-04-12T20:32:15","modified_gmt":"2018-04-13T00:32:15","slug":"municipio-e-ministerio-do-trabalho-definem-parcerias-para-emissao-de-ctps","status":"publish","type":"post","link":"https:\/\/www.corumbaonline.com.br\/news\/municipio-e-ministerio-do-trabalho-definem-parcerias-para-emissao-de-ctps\/","title":{"rendered":"Munic\u00edpio e Minist\u00e9rio do Trabalho definem parcerias para emiss\u00e3o de CTPS"},"content":{"rendered":"<p>O prefeito Marcelo Iunes reuniu-se na tarde desta quarta-feira, 11 de abril, com a superintendente regional do Trabalho Viviane Lacerda Lopes Nogueira. No encontro, foi discutido o estabelecimento de parcerias entre a Prefeitura de Corumb\u00e1 e o Minist\u00e9rio do Trabalho e Emprego (MTE).<\/p>\n<p>&nbsp;<\/p>\n<p>\u201cFirmamos uma parceria de colabora\u00e7\u00e3o entre o Minist\u00e9rio de Trabalho com o intuito de levar, \u00e0 popula\u00e7\u00e3o, a facilidade na emiss\u00e3o da Carteira de Trabalho e Previd\u00eancia Social (CTPS), tanto da regi\u00e3o ribeirinha como aqui na cidade, buscando um trabalho para que a gente facilite a entrega dessa documenta\u00e7\u00e3o\u201d, disse a superintendente Regional do Trabalho.<\/p>\n<p>&nbsp;<\/p>\n<p>Iunes destacou a import\u00e2ncia da coopera\u00e7\u00e3o entre o Executivo Municipal e o \u00f3rg\u00e3o federal para disponibilizar a popula\u00e7\u00e3o melhor atendimento poss\u00edvel. \u201cA Prefeitura est\u00e1 \u00e0 disposi\u00e7\u00e3o para que possamos desenvolver a\u00e7\u00f5es voltadas \u00e0 popula\u00e7\u00e3o corumbaense, tanto da cidade como das zonas ribeirinhas, assentamentos e distritos\u201d, afirmou.<\/p>\n","protected":false},"excerpt":{"rendered":"<p>O prefeito Marcelo Iunes reuniu-se na tarde desta quarta-feira, 11 de abril, com a superintendente&#8230;<\/p>\n","protected":false},"author":1,"featured_media":16021,"comment_status":"closed","ping_status":"closed","sticky":false,"template":"","format":"standard","meta":{"footnotes":""},"categories":[19],"tags":[],"class_list":["post-16020","post","type-post","status-publish","format-standard","has-post-thumbnail","hentry","category-politica"],"_links":{"self":[{"href":"https:\/\/www.corumbaonline.com.br\/news\/wp-json\/wp\/v2\/posts\/16020","targetHints":{"allow":["GET"]}}],"collection":[{"href":"https:\/\/www.corumbaonline.com.br\/news\/wp-json\/wp\/v2\/posts"}],"about":[{"href":"https:\/\/www.corumbaonline.com.br\/news\/wp-json\/wp\/v2\/types\/post"}],"author":[{"embeddable":true,"href":"https:\/\/www.corumbaonline.com.br\/news\/wp-json\/wp\/v2\/users\/1"}],"replies":[{"embeddable":true,"href":"https:\/\/www.corumbaonline.com.br\/news\/wp-json\/wp\/v2\/comments?post=16020"}],"version-history":[{"count":1,"href":"https:\/\/www.corumbaonline.com.br\/news\/wp-json\/wp\/v2\/posts\/16020\/revisions"}],"predecessor-version":[{"id":16022,"href":"https:\/\/www.corumbaonline.com.br\/news\/wp-json\/wp\/v2\/posts\/16020\/revisions\/16022"}],"wp:featuredmedia":[{"embeddable":true,"href":"https:\/\/www.corumbaonline.com.br\/news\/wp-json\/wp\/v2\/media\/16021"}],"wp:attachment":[{"href":"https:\/\/www.corumbaonline.com.br\/news\/wp-json\/wp\/v2\/media?parent=16020"}],"wp:term":[{"taxonomy":"category","embeddable":true,"href":"https:\/\/www.corumbaonline.com.br\/news\/wp-json\/wp\/v2\/categories?post=16020"},{"taxonomy":"post_tag","embeddable":true,"href":"https:\/\/www.corumbaonline.com.br\/news\/wp-json\/wp\/v2\/tags?post=16020"}],"curies":[{"name":"wp","href":"https:\/\/api.w.org\/{rel}","templated":true}]}}