{"id":16040,"date":"2018-04-13T08:12:59","date_gmt":"2018-04-13T12:12:59","guid":{"rendered":"http:\/\/www.corumbaonline.com.br\/news\/?p=16040"},"modified":"2018-04-13T08:48:50","modified_gmt":"2018-04-13T12:48:50","slug":"candidatos-ao-enem-tem-ate-domingo-para-pedir-isencao-da-taxa-de-inscricao","status":"publish","type":"post","link":"https:\/\/www.corumbaonline.com.br\/news\/candidatos-ao-enem-tem-ate-domingo-para-pedir-isencao-da-taxa-de-inscricao\/","title":{"rendered":"Candidatos ao Enem t\u00eam at\u00e9 domingo para pedir isen\u00e7\u00e3o da taxa de inscri\u00e7\u00e3o"},"content":{"rendered":"<p>Termina no pr\u00f3ximo domingo (15) o prazo para os candidatos ao Exame Nacional do Ensino M\u00e9dio (Enem)\u00a0<a href=\"http:\/\/agenciabrasil.ebc.com.br\/educacao\/noticia\/2018-03\/saiba-como-pedir-isencao-da-taxa-de-inscricao-do-enem-2018\" target=\"_blank\" rel=\"noopener noreferrer\">pedirem a isen\u00e7\u00e3o\u00a0<\/a>da taxa de inscri\u00e7\u00e3o da prova. O Instituto Nacional de Estudos e Pesquisas Educacionais An\u00edsio Teixeira (Inep) espera que cerca de 4 milh\u00f5es de pessoas pe\u00e7am a isen\u00e7\u00e3o da taxa neste ano.<\/p>\n<p>Em 2018, o Enem completa 20 anos e pela primeira vez o pedido de isen\u00e7\u00e3o da taxa \u00e9 feito antes do per\u00edodo de inscri\u00e7\u00e3o. Tamb\u00e9m pela primeira vez, os candidatos que tiveram a isen\u00e7\u00e3o no ano passado e faltaram aos dois dias de prova ter\u00e3o que justificar a aus\u00eancia para ter a gratuidade novamente.<\/p>\n<p>Se a solicita\u00e7\u00e3o de isen\u00e7\u00e3o for negada, ainda \u00e9 poss\u00edvel recorrer da decis\u00e3o, na P\u00e1gina do Participante, entre os dias 23 e 29 de abril. A aprova\u00e7\u00e3o da isen\u00e7\u00e3o da taxa de inscri\u00e7\u00e3o n\u00e3o significa que o participante j\u00e1 est\u00e1 inscrito no Enem 2018. As inscri\u00e7\u00f5es dever\u00e3o ser feitas das 10h do dia 7 de maio \u00e0s 23h59 de 18 de maio deste ano, pelo<em>\u00a0<a href=\"https:\/\/enem.inep.gov.br\/#\/crono?_k=bm1t7t\" target=\"_blank\" rel=\"noopener noreferrer\">site<\/a><\/em><a href=\"https:\/\/enem.inep.gov.br\/#\/crono?_k=bm1t7t\" target=\"_blank\" rel=\"noopener noreferrer\">\u00a0do Enem<\/a>.<\/p>\n<p><strong>Quem tem direito \u00e0 isen\u00e7\u00e3o<\/strong><\/p>\n<p>&#8211; Quem est\u00e1 cursando a \u00faltima s\u00e9rie do ensino m\u00e9dio neste ano em escola da rede p\u00fablica<\/p>\n<p>&#8211; Quem cursou todo o ensino m\u00e9dio em escola da rede p\u00fablica, ou como bolsista integral na rede privada, e tenha renda\u00a0<em>per capita<\/em>\u00a0igual ou inferior a um sal\u00e1rio m\u00ednimo e meio<\/p>\n<p>&#8211; Quem declarar situa\u00e7\u00e3o de vulnerabilidade socioecon\u00f4mica, por ser membro de fam\u00edlia de baixa renda, e que esteja inscrito no Cadastro \u00danico para Programas Sociais do Governo Federal (Cad\u00danico)<\/p>\n<p>&#8211; Quem fez o Exame Nacional para Certifica\u00e7\u00e3o de Compet\u00eancias de Jovens e Adultos (Encceja) do ano passado, que tenha atingido a nota m\u00ednima<\/p>\n","protected":false},"excerpt":{"rendered":"<p>Termina no pr\u00f3ximo domingo (15) o prazo para os candidatos ao Exame Nacional do Ensino&#8230;<\/p>\n","protected":false},"author":1,"featured_media":0,"comment_status":"closed","ping_status":"closed","sticky":false,"template":"","format":"standard","meta":{"footnotes":""},"categories":[10],"tags":[],"class_list":["post-16040","post","type-post","status-publish","format-standard","hentry","category-educacao"],"_links":{"self":[{"href":"https:\/\/www.corumbaonline.com.br\/news\/wp-json\/wp\/v2\/posts\/16040","targetHints":{"allow":["GET"]}}],"collection":[{"href":"https:\/\/www.corumbaonline.com.br\/news\/wp-json\/wp\/v2\/posts"}],"about":[{"href":"https:\/\/www.corumbaonline.com.br\/news\/wp-json\/wp\/v2\/types\/post"}],"author":[{"embeddable":true,"href":"https:\/\/www.corumbaonline.com.br\/news\/wp-json\/wp\/v2\/users\/1"}],"replies":[{"embeddable":true,"href":"https:\/\/www.corumbaonline.com.br\/news\/wp-json\/wp\/v2\/comments?post=16040"}],"version-history":[{"count":1,"href":"https:\/\/www.corumbaonline.com.br\/news\/wp-json\/wp\/v2\/posts\/16040\/revisions"}],"predecessor-version":[{"id":16041,"href":"https:\/\/www.corumbaonline.com.br\/news\/wp-json\/wp\/v2\/posts\/16040\/revisions\/16041"}],"wp:attachment":[{"href":"https:\/\/www.corumbaonline.com.br\/news\/wp-json\/wp\/v2\/media?parent=16040"}],"wp:term":[{"taxonomy":"category","embeddable":true,"href":"https:\/\/www.corumbaonline.com.br\/news\/wp-json\/wp\/v2\/categories?post=16040"},{"taxonomy":"post_tag","embeddable":true,"href":"https:\/\/www.corumbaonline.com.br\/news\/wp-json\/wp\/v2\/tags?post=16040"}],"curies":[{"name":"wp","href":"https:\/\/api.w.org\/{rel}","templated":true}]}}