{"id":16050,"date":"2018-04-13T09:26:57","date_gmt":"2018-04-13T13:26:57","guid":{"rendered":"http:\/\/www.corumbaonline.com.br\/news\/?p=16050"},"modified":"2018-04-13T09:50:58","modified_gmt":"2018-04-13T13:50:58","slug":"lula-nobel-da-paz","status":"publish","type":"post","link":"https:\/\/www.corumbaonline.com.br\/news\/lula-nobel-da-paz\/","title":{"rendered":"Lula Nobel da Paz"},"content":{"rendered":"<div class=\"\"><span class=\"\" lang=\"EN-US\">Jo\u00e3o Baptista Herkenhoff*<\/span><\/div>\n<div class=\"\"><span class=\"\" lang=\"EN-US\">\u00a0<\/span><\/div>\n<div class=\"\"><span class=\"\" lang=\"EN-US\">Trataremos de tr\u00eas asssuntos no artigo de hoje.<\/span><\/div>\n<div class=\"\"><\/div>\n<div class=\"\"><span class=\"\" lang=\"EN-US\">O nome do ex-presidente Lula est\u00e1 sendo cotado para receber o Pr\u00eamio Nobel da Paz.<\/span><\/div>\n<div class=\"\"><span class=\"\" lang=\"EN-US\">O galard\u00e3o \u00e9 entregue todo ano, no dia dez de dezembro, que \u00e9 o Dia Internacional dos Direitos Humanos.<\/span><\/div>\n<div class=\"\"><\/div>\n<div class=\"\"><span class=\"\" lang=\"EN-US\">A candidatura de Lula est\u00e1 sendo proposta pelo argentino Adolfo P\u00e9rez Esquivel, ganhador do pr\u00eamio em 1980. Vem recebendo apoio de figuras do cen\u00e1rio internacional.<\/span><\/div>\n<div class=\"\"><span class=\"\" lang=\"EN-US\">O primeiro brasileiro cogitado para a premia\u00e7\u00e3o foi o Arcebispo Dom H\u00e9lder C\u00e2mara. Houve uma grande press\u00e3o da ditadura brasileira, ent\u00e3o vigente, para evitar a outorga do pr\u00eamio a algu\u00e9m que denunciava os abusos contra os direitos humanos que estavam ent\u00e3o sendo praticados em nosso pa\u00eds. Dom H\u00e9lder n\u00e3o foi indicado.<\/span><\/div>\n<div class=\"\"><\/div>\n<div class=\"\"><span class=\"\" lang=\"EN-US\">Agora Lula \u00e9 o segundo brasileiro a ter o nome colocado em pauta.<\/span><\/div>\n<div class=\"\"><\/div>\n<div class=\"\"><span class=\"\" lang=\"EN-US\">Mesmo que Lula n\u00e3o seja contemplado com o mais importante pr\u00eamio concedido a lutadores pela Paz, a simples lembran\u00e7a do seu nome, com o aval de figuras exponenciais que lutam pela Dignidade Humana, pelo\u00a0 Pacifismo e pelos mais altos valores da Civiliza\u00e7\u00e3o \u2013 \u00e9 uma gl\u00f3ria insigne.<\/span><\/div>\n<div class=\"\"><\/div>\n<div class=\"\"><span class=\"\" lang=\"EN-US\">A import\u00e2ncia da homenagem \u00e9 t\u00e3o grande que, numa hora como esta, n\u00e3o deve haver brasileiros lulitas e brasileiros anti-Lula.<\/span><\/div>\n<div class=\"\"><\/div>\n<div class=\"\"><span class=\"\" lang=\"EN-US\">Cessem as contendas, cessem as diverg\u00eancias. Que todos nos sintamos homenageados na pessoa do brasileiro escolhido.<\/span><\/div>\n<div class=\"\"><\/div>\n<div class=\"\"><span class=\"\" lang=\"EN-US\">\u00c9 providencial que a entrega do pr\u00eamio ocorra depois das elei\u00e7\u00f5es presidenciais em nosso pa\u00eds. O pr\u00eamio fica a salvo dos embates partid\u00e1rios.<\/span><\/div>\n<div class=\"\"><\/div>\n<div class=\"\"><span class=\"\" lang=\"EN-US\">O segundo assunto de hoje \u00e9 manifestar desaprova\u00e7\u00e3o a humilha\u00e7\u00f5es a que Paulo Maluf est\u00e1 sendo submetido durante sua pris\u00e3o. Todo preso, sem exce\u00e7\u00e3o, tem direito a tratamento digno. Jamais, em toda a minha vida, escrevi qualquer texto a respeito de Maluf.\u00a0 Mas hoje, \u00e0 face do desrespeito \u00e0 dignidade\u00a0 de Paulo Salim Maluf, pessoa humana, n\u00e3o posso me calar.<\/span><\/div>\n<div class=\"\"><\/div>\n<div class=\"\"><span class=\"\" lang=\"EN-US\">Finalmente, quero censurar isto que podemos chamar de denuncismo. Uma pessoa \u00e9 formalmente denunciada, de acordo com o C\u00f3digo de Processo Penal, ou seu nome \u00e9 apontado no notici\u00e1rio como autor de um crime.<\/span><\/div>\n<div class=\"\"><\/div>\n<div class=\"\"><span class=\"\" lang=\"EN-US\">Essa pessoa, sem que lhe seja assegurada defesa, \u00e9 bombardeada com o estigma de criminoso, bandido, ladr\u00e3o etc. N\u00e3o importa se o dito cujo tem filhos ou parentes pr\u00f3ximos que sofram a humilhac\u00e3o. Em nome de uma suposta e, \u00e0s vezes, hip\u00f3crita defesa da \u00e9tica, esmaga-se a \u00c9tica.<\/span><\/div>\n<div class=\"\"><\/div>\n<div class=\"\"><span class=\"\" lang=\"EN-US\">N\u00e3o se confundam alhos com bugalhos. \u00c9 preciso estar vigilante para n\u00e3o ser arrastado pela confus\u00e3o de conceitos, confus\u00e3o que muitas vezes \u00e9 proposital e maliciosa.<\/span><\/div>\n<div class=\"\"><span class=\"\" lang=\"EN-US\">\u00a0<\/span><\/div>\n<div class=\"\"><span class=\"\">* Jo\u00e3o Baptista Herkenhoff \u00e9 Juiz de Direito aposentado (ES), professor aposentado (UFES), palestrante em atividade.<\/span><\/div>\n","protected":false},"excerpt":{"rendered":"<p>Jo\u00e3o Baptista Herkenhoff* \u00a0 Trataremos de tr\u00eas asssuntos no artigo de hoje. O nome do&#8230;<\/p>\n","protected":false},"author":1,"featured_media":0,"comment_status":"closed","ping_status":"closed","sticky":false,"template":"","format":"standard","meta":{"footnotes":""},"categories":[3],"tags":[],"class_list":["post-16050","post","type-post","status-publish","format-standard","hentry","category-artigo"],"_links":{"self":[{"href":"https:\/\/www.corumbaonline.com.br\/news\/wp-json\/wp\/v2\/posts\/16050","targetHints":{"allow":["GET"]}}],"collection":[{"href":"https:\/\/www.corumbaonline.com.br\/news\/wp-json\/wp\/v2\/posts"}],"about":[{"href":"https:\/\/www.corumbaonline.com.br\/news\/wp-json\/wp\/v2\/types\/post"}],"author":[{"embeddable":true,"href":"https:\/\/www.corumbaonline.com.br\/news\/wp-json\/wp\/v2\/users\/1"}],"replies":[{"embeddable":true,"href":"https:\/\/www.corumbaonline.com.br\/news\/wp-json\/wp\/v2\/comments?post=16050"}],"version-history":[{"count":1,"href":"https:\/\/www.corumbaonline.com.br\/news\/wp-json\/wp\/v2\/posts\/16050\/revisions"}],"predecessor-version":[{"id":16051,"href":"https:\/\/www.corumbaonline.com.br\/news\/wp-json\/wp\/v2\/posts\/16050\/revisions\/16051"}],"wp:attachment":[{"href":"https:\/\/www.corumbaonline.com.br\/news\/wp-json\/wp\/v2\/media?parent=16050"}],"wp:term":[{"taxonomy":"category","embeddable":true,"href":"https:\/\/www.corumbaonline.com.br\/news\/wp-json\/wp\/v2\/categories?post=16050"},{"taxonomy":"post_tag","embeddable":true,"href":"https:\/\/www.corumbaonline.com.br\/news\/wp-json\/wp\/v2\/tags?post=16050"}],"curies":[{"name":"wp","href":"https:\/\/api.w.org\/{rel}","templated":true}]}}