{"id":16059,"date":"2018-04-13T10:13:02","date_gmt":"2018-04-13T14:13:02","guid":{"rendered":"http:\/\/www.corumbaonline.com.br\/news\/?p=16059"},"modified":"2018-04-13T10:23:45","modified_gmt":"2018-04-13T14:23:45","slug":"na-camara-vereador-solicita-informacoes-sobre-casos-de-leishmaniose","status":"publish","type":"post","link":"https:\/\/www.corumbaonline.com.br\/news\/na-camara-vereador-solicita-informacoes-sobre-casos-de-leishmaniose\/","title":{"rendered":"Na C\u00e2mara, vereador solicita informa\u00e7\u00f5es sobre casos de leishmaniose"},"content":{"rendered":"<p><span style=\"color: #000000;\">O vereador Evander Vendramini est\u00e1 pedindo informa\u00e7\u00f5es junto \u00e0 Secretaria de Sa\u00fade sobre a veracidade das informa\u00e7\u00f5es sobre casos de leishmaniose em Corumb\u00e1. A solicita\u00e7\u00e3o foi feita durante sess\u00e3o da C\u00e2mara Municipal e endere\u00e7ada ao secret\u00e1rio Rog\u00e9rio Santos Leite.<\/span><\/p>\n<p><span style=\"color: #000000;\">\u201cRecebemos informa\u00e7\u00f5es de que pesssoas est\u00e3o infectadas pela doen\u00e7a e, caso isso seja ver\u00eddico, queremos saber quais as medidas que a Secretaria de Sa\u00fade est\u00e1 tomando para combater a prolifera\u00e7\u00e3o da leishmaniose\u201d, afirmou.<\/span><\/p>\n<p><span style=\"color: #000000;\">A sua preocupa\u00e7\u00e3o \u00e9 que a doen\u00e7a, transmitida pelo mosquito-palha, podendo evoluir facilmente para uma forma visceral mais grave, que \u00e9 quase sempre fatal, se n\u00e3o ocorrer o tratamento necess\u00e1rio.<\/span><\/p>\n<p><span style=\"color: #000000;\">Limpeza<\/span><\/p>\n<p><span style=\"color: #000000;\">Por outro lado, o vereador corumbaense est\u00e1 solicitando \u00e0 Secretaria de Infraestrutura e Servi\u00e7os P\u00fablicos, o desentupimento de uma boca de lobo existente no cruzamento das ruas Ricardo Franco e\u00a0\u00a0C\u00e1ceres, no centro, em atendimento a pedido de moradores. Acontece que diante desse problema, durante as chuvas, a \u00e1gua acaba invadindo as casas, n\u00e3o chegando \u00e0 galeria de \u00e1gua pluvial existente.<\/span><\/p>\n<p><span style=\"color: #000000;\">O vereador solicita ainda servi\u00e7os de ro\u00e7ada e limpeza na Pra\u00e7a CEU, localizada na Rua Marechal Deodoro, no Jardim dos Estados. Conforme a comunidade local, o espa\u00e7o encontra-se com lixo acumulado, mato alto, o que dificulta o acesso por parte das pessoas que utilizam o local.<\/span><\/p>\n<p><span style=\"color: #000000;\">Ilumina\u00e7\u00e3o P\u00fablica<\/span><\/p>\n<p><span style=\"color: #000000;\">J\u00e1 ao supervisor de Atendimento da Energisa, Marcos Ant\u00f4nio Luglio, o vereador pede amplia\u00e7\u00e3o da rede de energia el\u00e9trica no Bairro Cristo Redentor, na Alameda Dona Ant\u00f4nia, entre a C\u00e1cares e Bar\u00e3o do Melga\u00e7o. Conforme ele, os moradores est\u00e3o reclamando de que\u00a0\u00a0n\u00e3o s\u00e3o atendidos pelo servi\u00e7o de ilumina\u00e7\u00e3o p\u00fablica e eu h\u00e1 necessidade de pelos menos mais tr\u00eas postes na regi\u00e3o.<\/span><\/p>\n","protected":false},"excerpt":{"rendered":"<p>O vereador Evander Vendramini est\u00e1 pedindo informa\u00e7\u00f5es junto \u00e0 Secretaria de Sa\u00fade sobre a veracidade&#8230;<\/p>\n","protected":false},"author":1,"featured_media":16060,"comment_status":"closed","ping_status":"closed","sticky":false,"template":"","format":"standard","meta":{"footnotes":""},"categories":[19],"tags":[],"class_list":["post-16059","post","type-post","status-publish","format-standard","has-post-thumbnail","hentry","category-politica"],"_links":{"self":[{"href":"https:\/\/www.corumbaonline.com.br\/news\/wp-json\/wp\/v2\/posts\/16059","targetHints":{"allow":["GET"]}}],"collection":[{"href":"https:\/\/www.corumbaonline.com.br\/news\/wp-json\/wp\/v2\/posts"}],"about":[{"href":"https:\/\/www.corumbaonline.com.br\/news\/wp-json\/wp\/v2\/types\/post"}],"author":[{"embeddable":true,"href":"https:\/\/www.corumbaonline.com.br\/news\/wp-json\/wp\/v2\/users\/1"}],"replies":[{"embeddable":true,"href":"https:\/\/www.corumbaonline.com.br\/news\/wp-json\/wp\/v2\/comments?post=16059"}],"version-history":[{"count":1,"href":"https:\/\/www.corumbaonline.com.br\/news\/wp-json\/wp\/v2\/posts\/16059\/revisions"}],"predecessor-version":[{"id":16061,"href":"https:\/\/www.corumbaonline.com.br\/news\/wp-json\/wp\/v2\/posts\/16059\/revisions\/16061"}],"wp:featuredmedia":[{"embeddable":true,"href":"https:\/\/www.corumbaonline.com.br\/news\/wp-json\/wp\/v2\/media\/16060"}],"wp:attachment":[{"href":"https:\/\/www.corumbaonline.com.br\/news\/wp-json\/wp\/v2\/media?parent=16059"}],"wp:term":[{"taxonomy":"category","embeddable":true,"href":"https:\/\/www.corumbaonline.com.br\/news\/wp-json\/wp\/v2\/categories?post=16059"},{"taxonomy":"post_tag","embeddable":true,"href":"https:\/\/www.corumbaonline.com.br\/news\/wp-json\/wp\/v2\/tags?post=16059"}],"curies":[{"name":"wp","href":"https:\/\/api.w.org\/{rel}","templated":true}]}}