{"id":16067,"date":"2018-04-13T11:10:57","date_gmt":"2018-04-13T15:10:57","guid":{"rendered":"http:\/\/www.corumbaonline.com.br\/news\/?p=16067"},"modified":"2018-04-13T11:02:41","modified_gmt":"2018-04-13T15:02:41","slug":"campanha-nacional-de-vacinacao-contra-influenza-comeca-dia-23-de-abril","status":"publish","type":"post","link":"https:\/\/www.corumbaonline.com.br\/news\/campanha-nacional-de-vacinacao-contra-influenza-comeca-dia-23-de-abril\/","title":{"rendered":"Campanha Nacional de Vacina\u00e7\u00e3o contra Influenza come\u00e7a dia 23 de abril"},"content":{"rendered":"<p>Come\u00e7a no dia 23 de abril a 20\u00aa Campanha Nacional de Vacina\u00e7\u00e3o contra a Influenza que tem como meta, em Mato Grosso do Sul, vacinar pelo menos 90% do p\u00fablico-alvo, o que representa 663.656 pessoas. Conforme nota t\u00e9cnica divulgada nessa quarta-feira (11.4) pela Secretaria de Estado de Sa\u00fade (SES), por meio da Superintend\u00eancia Geral de Vigil\u00e2ncia em Sa\u00fade, a campanha vai at\u00e9 o dia 1\u00b0 de junho, sendo 12 de maio o \u201cDia de Mobiliza\u00e7\u00e3o Nacional \u2013 Dia D\u201d.<\/p>\n<p>Fazem parte do p\u00fablico-alvo \u2013 737.395 pessoas- crian\u00e7as de seis meses a menores de cinco anos, gestantes, pu\u00e9rperas, professores, profissionais da sa\u00fade, povos ind\u00edgenas, indiv\u00edduos com 60 anos ou mais, adolescentes e jovens de 12 a 21 anos sob medidas socioeducativas, popula\u00e7\u00e3o carcer\u00e1ria e funcion\u00e1rios do sistema prisional, pessoas portadoras de doen\u00e7as cr\u00f4nicas n\u00e3o transmiss\u00edveis e outras condi\u00e7\u00f5es cl\u00ednicas especiais independente da idade.<\/p>\n<p>De acordo com o escalonamento da entrega da vacina, o in\u00edcio da campanha, no dia 23 de abril, ser\u00e1 para os grupos priorit\u00e1rios do p\u00fablico-alvo que s\u00e3o: profissionais de sa\u00fade, crian\u00e7as de seis meses a menores de cinco anos (4 anos, 11 meses e 29 dias), gestantes, pu\u00e9rperas e professores.<\/p>\n<p>A partir do dia 12 de maio a vacina\u00e7\u00e3o ser\u00e1 estendida para a popula\u00e7\u00e3o com idade acima de 60 anos. Para os demais grupos, a campanha estar\u00e1 dispon\u00edvel apenas no dia 21 de maio.<\/p>\n<p>As estrat\u00e9gias de vacina\u00e7\u00e3o no Brasil, conforme o Minist\u00e9rio da Sa\u00fade, s\u00e3o decis\u00f5es respaldas em bases t\u00e9cnicas, cient\u00edficas e log\u00edsticas, evid\u00eancia epidemiol\u00f3gica, efic\u00e1cia e seguran\u00e7a do produto.<\/p>\n<p>As campanhas tem contribu\u00eddo na redu\u00e7\u00e3o da mortalidade em indiv\u00edduos portadores de doen\u00e7as cr\u00f4nicas, tais como doen\u00e7a cardiovascular, acidente vascular cerebral (AVC); doen\u00e7as renais, diabetes, pneumonias, doen\u00e7a pulmonar obstrutiva cr\u00f4nica (DPOC); dentre outras. Entre as poss\u00edveis condi\u00e7\u00f5es de risco para a ocorr\u00eancia de complica\u00e7\u00f5es por influenza, a presen\u00e7a de pelo menos uma comorbidade foi mais frequente entre os acometidos.<\/p>\n<p>A influenza \u00e9 uma doen\u00e7a respirat\u00f3ria infecciosa, de origem viral, que pode levar ao agravamento e ao \u00f3bito, especialmente nos indiv\u00edduos que apresentam fatores ou condi\u00e7\u00f5es de risco para as complica\u00e7\u00f5es da infec\u00e7\u00e3o.<\/p>\n<p>No que diz respeito a parte t\u00e9cnica da vacina, a Organiza\u00e7\u00e3o Mundial de sa\u00fade (OMS), recomendou, em setembro de 2017, a composi\u00e7\u00e3o da vacina Influenza, a partir das cepas de v\u00edrus a serem utilizados na campanha de 2018 para a produ\u00e7\u00e3o da vacina trivalente no hemisf\u00e9rio Sul.<\/p>\n","protected":false},"excerpt":{"rendered":"<p>Come\u00e7a no dia 23 de abril a 20\u00aa Campanha Nacional de Vacina\u00e7\u00e3o contra a Influenza&#8230;<\/p>\n","protected":false},"author":1,"featured_media":0,"comment_status":"closed","ping_status":"closed","sticky":false,"template":"","format":"standard","meta":{"footnotes":""},"categories":[21],"tags":[],"class_list":["post-16067","post","type-post","status-publish","format-standard","hentry","category-saude"],"_links":{"self":[{"href":"https:\/\/www.corumbaonline.com.br\/news\/wp-json\/wp\/v2\/posts\/16067","targetHints":{"allow":["GET"]}}],"collection":[{"href":"https:\/\/www.corumbaonline.com.br\/news\/wp-json\/wp\/v2\/posts"}],"about":[{"href":"https:\/\/www.corumbaonline.com.br\/news\/wp-json\/wp\/v2\/types\/post"}],"author":[{"embeddable":true,"href":"https:\/\/www.corumbaonline.com.br\/news\/wp-json\/wp\/v2\/users\/1"}],"replies":[{"embeddable":true,"href":"https:\/\/www.corumbaonline.com.br\/news\/wp-json\/wp\/v2\/comments?post=16067"}],"version-history":[{"count":1,"href":"https:\/\/www.corumbaonline.com.br\/news\/wp-json\/wp\/v2\/posts\/16067\/revisions"}],"predecessor-version":[{"id":16068,"href":"https:\/\/www.corumbaonline.com.br\/news\/wp-json\/wp\/v2\/posts\/16067\/revisions\/16068"}],"wp:attachment":[{"href":"https:\/\/www.corumbaonline.com.br\/news\/wp-json\/wp\/v2\/media?parent=16067"}],"wp:term":[{"taxonomy":"category","embeddable":true,"href":"https:\/\/www.corumbaonline.com.br\/news\/wp-json\/wp\/v2\/categories?post=16067"},{"taxonomy":"post_tag","embeddable":true,"href":"https:\/\/www.corumbaonline.com.br\/news\/wp-json\/wp\/v2\/tags?post=16067"}],"curies":[{"name":"wp","href":"https:\/\/api.w.org\/{rel}","templated":true}]}}