{"id":16140,"date":"2018-04-16T09:13:15","date_gmt":"2018-04-16T13:13:15","guid":{"rendered":"http:\/\/www.corumbaonline.com.br\/news\/?p=16140"},"modified":"2018-04-16T09:38:40","modified_gmt":"2018-04-16T13:38:40","slug":"para-vacinar-21-milhoes-de-animais-ms-inicia-campanha-contra-a-aftosa-no-dia-1-de-maio","status":"publish","type":"post","link":"https:\/\/www.corumbaonline.com.br\/news\/para-vacinar-21-milhoes-de-animais-ms-inicia-campanha-contra-a-aftosa-no-dia-1-de-maio\/","title":{"rendered":"Para vacinar 21 milh\u00f5es de animais, MS inicia campanha contra a aftosa no dia 1\u00b0 de maio"},"content":{"rendered":"<p>A vacina\u00e7\u00e3o contra a febre aftosa come\u00e7a oficialmente em Mato Grosso do Sul no dia 1\u00b0 de maio, para os propriet\u00e1rios das regi\u00f5es do Planalto, Fronteira e Pantanal. A previs\u00e3o do Governo do Estado \u00e9 de imunizar 21 milh\u00f5es de animais entre bovinos e bubalinos nesta campanha.<\/p>\n<p>Respons\u00e1vel por acompanhar e fiscalizar a vacina\u00e7\u00e3o, a Ag\u00eancia Estadual de Defesa Sanit\u00e1ria Animal e Vegetal (Iagro), \u00f3rg\u00e3o vinculado \u00e0 Secretaria de Estado de Meio Ambiente, Desenvolvimento Econ\u00f4mico, Produ\u00e7\u00e3o e Agricultura Familiar (Semagro), afirma que os propriet\u00e1rios que precisarem podem solicitar a antecipa\u00e7\u00e3o da vacina a partir desta segunda-feira (16.4).<\/p>\n<p>Por quest\u00f5es de manejo, a Iagro disponibiliza a antecipa\u00e7\u00e3o da vacina em 15 dias antes do in\u00edcio da campanha. Por\u00e9m, os produtores interessados precisam fazer um requerimento que passar\u00e1 por an\u00e1lise dos t\u00e9cnicos do \u00f3rg\u00e3o estadual. Independente deste prazo, o registro da vacina\u00e7\u00e3o s\u00f3 poder\u00e1 ser feito a partir de 1\u00ba de maio.<\/p>\n<p>No Planalto e na Fronteira a vacina\u00e7\u00e3o acontecer\u00e1 de 1\u00ba a 31 de maio, e o registro deve ser feito de 1\u00ba de maio a 15 de junho. Os propriet\u00e1rios da regi\u00e3o do Pantanal que optarem pela vacina\u00e7\u00e3o de todo o rebanho em maio, dever\u00e3o vacinar de 1\u00ba de maio a 15 de junho e o registro de 1\u00ba de maio at\u00e9 2 de julho.<\/p>\n<p>A Iagro publicou instru\u00e7\u00e3o de servi\u00e7o em que orienta produtores da regi\u00e3o do Pantanal que em caso de enchente na propriedade, a retirada dos animais deve ser requerida junto ao \u00f3rg\u00e3o. Caso o destino seja informado previamente, ser\u00e1 feita a emiss\u00e3o de GTA, caso n\u00e3o informe o local o servi\u00e7o oficial deve controlar e acompanhar a movimenta\u00e7\u00e3o dos animais.<\/p>\n<p>Diretor-presidente da Iagro, Luciano Chiochetta, explica que a partir do dia 27 de abril o produtor poder\u00e1 comprar a vacina contra a febre aftosa nas revendas do Estado, sem a necessidade de emiss\u00e3o de autoriza\u00e7\u00e3o de compra pela Iagro.<\/p>\n","protected":false},"excerpt":{"rendered":"<p>A vacina\u00e7\u00e3o contra a febre aftosa come\u00e7a oficialmente em Mato Grosso do Sul no dia&#8230;<\/p>\n","protected":false},"author":1,"featured_media":16141,"comment_status":"closed","ping_status":"closed","sticky":false,"template":"","format":"standard","meta":{"footnotes":""},"categories":[2,8],"tags":[],"class_list":["post-16140","post","type-post","status-publish","format-standard","has-post-thumbnail","hentry","category-agropecuaria","category-destaque"],"_links":{"self":[{"href":"https:\/\/www.corumbaonline.com.br\/news\/wp-json\/wp\/v2\/posts\/16140","targetHints":{"allow":["GET"]}}],"collection":[{"href":"https:\/\/www.corumbaonline.com.br\/news\/wp-json\/wp\/v2\/posts"}],"about":[{"href":"https:\/\/www.corumbaonline.com.br\/news\/wp-json\/wp\/v2\/types\/post"}],"author":[{"embeddable":true,"href":"https:\/\/www.corumbaonline.com.br\/news\/wp-json\/wp\/v2\/users\/1"}],"replies":[{"embeddable":true,"href":"https:\/\/www.corumbaonline.com.br\/news\/wp-json\/wp\/v2\/comments?post=16140"}],"version-history":[{"count":1,"href":"https:\/\/www.corumbaonline.com.br\/news\/wp-json\/wp\/v2\/posts\/16140\/revisions"}],"predecessor-version":[{"id":16142,"href":"https:\/\/www.corumbaonline.com.br\/news\/wp-json\/wp\/v2\/posts\/16140\/revisions\/16142"}],"wp:featuredmedia":[{"embeddable":true,"href":"https:\/\/www.corumbaonline.com.br\/news\/wp-json\/wp\/v2\/media\/16141"}],"wp:attachment":[{"href":"https:\/\/www.corumbaonline.com.br\/news\/wp-json\/wp\/v2\/media?parent=16140"}],"wp:term":[{"taxonomy":"category","embeddable":true,"href":"https:\/\/www.corumbaonline.com.br\/news\/wp-json\/wp\/v2\/categories?post=16140"},{"taxonomy":"post_tag","embeddable":true,"href":"https:\/\/www.corumbaonline.com.br\/news\/wp-json\/wp\/v2\/tags?post=16140"}],"curies":[{"name":"wp","href":"https:\/\/api.w.org\/{rel}","templated":true}]}}