{"id":16174,"date":"2018-04-16T14:10:15","date_gmt":"2018-04-16T18:10:15","guid":{"rendered":"http:\/\/www.corumbaonline.com.br\/news\/?p=16174"},"modified":"2018-04-16T15:24:03","modified_gmt":"2018-04-16T19:24:03","slug":"integrantes-do-mtst-e-povo-sem-medo-deixam-triplex-em-guaruja","status":"publish","type":"post","link":"https:\/\/www.corumbaonline.com.br\/news\/integrantes-do-mtst-e-povo-sem-medo-deixam-triplex-em-guaruja\/","title":{"rendered":"Integrantes do MTST e Povo sem Medo deixam triplex em Guaruj\u00e1"},"content":{"rendered":"<p>Ap\u00f3s cerca de duas horas de ocupa\u00e7\u00e3o, os integrantes do Movimento dos Trabalhadores Sem Teto (MTST) e da Frente Povo sem Medo deixaram o apartamento triplex no Guaruj\u00e1, no litoral paulista, atribu\u00eddo ao ex-presidente Luiz In\u00e1cio Lula da Silva.<\/p>\n<p>Pelo Twitter, Guilherme Boulos, coordenador do movimento e pr\u00e9-candidato \u00e0 Presid\u00eancia da Rep\u00fablica pelo PSOL, considerou a a\u00e7\u00e3o da Pol\u00edcia Militar arbitr\u00e1ria, pois foi feita sem ordem judicial.<\/p>\n<p>\u201cA pol\u00edcia deu prazo para a sa\u00edda do MTST do triplex, sob pena de pris\u00e3o de todos os ocupantes. O triplex foi desocupado, mas o recado ficou. \u00c9 evidente que n\u00e3o tinham ordem: quem pediria a reintegra\u00e7\u00e3o de posse?&#8221;, questionou Boulos.<\/p>\n<p>Os manifestantes chegaram no apartamento do Condom\u00ednio Solaris no in\u00edcio da manh\u00e3 e colocaram a bandeira do movimento e faixas na fachada do pr\u00e9dio com mensagens &#8220;Povo Sem Medo&#8221; e &#8220;Se \u00e9 do Lula, \u00e9 nosso&#8221;.<\/p>\n<p>O ex-presidente est\u00e1 preso na Superintend\u00eancia da Pol\u00edcia Federal em Curitiba desde o dia 7. O im\u00f3vel \u00e9 o foco das investiga\u00e7\u00f5es que o levaram \u00e0 pris\u00e3o pelos crimes de corrup\u00e7\u00e3o e lavagem de dinheiro. Lula foi condenado a 12 anos e um m\u00eas. De acordo com as investiga\u00e7\u00f5es, o im\u00f3vel e a reforma, estimados em R$ 2,4 milh\u00f5es, foram feitos pela empreiteira OAS em favorecimento da empresa em contratos.<\/p>\n<p>O Minist\u00e9rio P\u00fablico Federal no Paran\u00e1 informou, por meio da assessoria de imprensa, que o apartamento est\u00e1 dispon\u00edvel para leil\u00e3o. N\u00e3o foi esclarecido at\u00e9 o momento, no entanto, quem poderia pedir a reintegra\u00e7\u00e3o de posse.<\/p>\n","protected":false},"excerpt":{"rendered":"<p>Ap\u00f3s cerca de duas horas de ocupa\u00e7\u00e3o, os integrantes do Movimento dos Trabalhadores Sem Teto&#8230;<\/p>\n","protected":false},"author":1,"featured_media":0,"comment_status":"closed","ping_status":"closed","sticky":false,"template":"","format":"standard","meta":{"footnotes":""},"categories":[14],"tags":[],"class_list":["post-16174","post","type-post","status-publish","format-standard","hentry","category-geral"],"_links":{"self":[{"href":"https:\/\/www.corumbaonline.com.br\/news\/wp-json\/wp\/v2\/posts\/16174","targetHints":{"allow":["GET"]}}],"collection":[{"href":"https:\/\/www.corumbaonline.com.br\/news\/wp-json\/wp\/v2\/posts"}],"about":[{"href":"https:\/\/www.corumbaonline.com.br\/news\/wp-json\/wp\/v2\/types\/post"}],"author":[{"embeddable":true,"href":"https:\/\/www.corumbaonline.com.br\/news\/wp-json\/wp\/v2\/users\/1"}],"replies":[{"embeddable":true,"href":"https:\/\/www.corumbaonline.com.br\/news\/wp-json\/wp\/v2\/comments?post=16174"}],"version-history":[{"count":1,"href":"https:\/\/www.corumbaonline.com.br\/news\/wp-json\/wp\/v2\/posts\/16174\/revisions"}],"predecessor-version":[{"id":16175,"href":"https:\/\/www.corumbaonline.com.br\/news\/wp-json\/wp\/v2\/posts\/16174\/revisions\/16175"}],"wp:attachment":[{"href":"https:\/\/www.corumbaonline.com.br\/news\/wp-json\/wp\/v2\/media?parent=16174"}],"wp:term":[{"taxonomy":"category","embeddable":true,"href":"https:\/\/www.corumbaonline.com.br\/news\/wp-json\/wp\/v2\/categories?post=16174"},{"taxonomy":"post_tag","embeddable":true,"href":"https:\/\/www.corumbaonline.com.br\/news\/wp-json\/wp\/v2\/tags?post=16174"}],"curies":[{"name":"wp","href":"https:\/\/api.w.org\/{rel}","templated":true}]}}