{"id":16214,"date":"2018-04-17T09:26:10","date_gmt":"2018-04-17T13:26:10","guid":{"rendered":"http:\/\/www.corumbaonline.com.br\/news\/?p=16214"},"modified":"2018-04-17T09:16:38","modified_gmt":"2018-04-17T13:16:38","slug":"acao-em-parceria-entre-municipio-e-setor-privado-marca-semana-nacional-da-voz","status":"publish","type":"post","link":"https:\/\/www.corumbaonline.com.br\/news\/acao-em-parceria-entre-municipio-e-setor-privado-marca-semana-nacional-da-voz\/","title":{"rendered":"A\u00e7\u00e3o em parceria entre Munic\u00edpio e setor privado marca Semana Nacional da Voz"},"content":{"rendered":"<p>Na Semana Nacional da Voz, de 16 a 20 de abril, a Associa\u00e7\u00e3o Brasileira de Otorrinolaringologia e Cirurgia C\u00e9rvico-Facial (ABORL-CCF), em parceria com o Munic\u00edpio de Corumb\u00e1 e cl\u00ednica m\u00e9dica VITA, vai promover a\u00e7\u00e3o para diagn\u00f3stico de problemas relacionados \u00e0 voz. A iniciativa faz parte da Campanha Nacional da Voz, promovida pela ABORL-CCF, Academia Brasileira de Laringologia e Voz, Sociedade Brasileira de Cirurgia de Cabe\u00e7a e Pesco\u00e7o e Minist\u00e9rio da Sa\u00fade.<\/p>\n<p>&nbsp;<\/p>\n<p>O Dr. Fernando Giordano, otorrinolaringologista que atua no Munic\u00edpio e em rede privada de sa\u00fade, explicou que o Dia Nacional da Voz foi estipulado como 16 de abril em 1999. A ideia brasileira foi reconhecida internacionalmente e a data passou a integrar calend\u00e1rio da Organiza\u00e7\u00e3o Mundial da Sa\u00fade (OMS) em 2003. Posteriormente surgiu a ideia no Brasil da realiza\u00e7\u00e3o da Semana Nacional da Voz para promover em todo o pa\u00eds a\u00e7\u00f5es gratuitas e beneficentes por servi\u00e7os p\u00fablicos e privados como mutir\u00f5es de avalia\u00e7\u00f5es e triagem em pessoas com sintomas sugestivos de doen\u00e7as da garganta.<\/p>\n<p>&nbsp;<\/p>\n<p>A a\u00e7\u00e3o que ser\u00e1 realizada em Corumb\u00e1 vai come\u00e7ar nesta ter\u00e7a-feira, 17 de abril. Das 15h \u00e0s 20 horas, qualquer paciente com dist\u00farbio de voz pode passar pela triagem no Centro de Especialidades M\u00e9dicas, localizado na rua 7 de Setembro, entre as ruas Cabral e Colombo. Com a triagem, o Dr. Fernando Giordano vai verificar os casos em que h\u00e1 necessidade do exame de videolaringoscopia. Esses pacientes ser\u00e3o orientados a comparecerem na manh\u00e3 do dia 18 de abril na Cl\u00ednica VITA, situada na rua Colombo, n\u00ba 1419. Eles ter\u00e3o a oportunidade de realizar o exame de maneira gratuita, sem custos para o Munic\u00edpio e para os pacientes.<\/p>\n<p>&nbsp;<\/p>\n<p>\u201cSer\u00e3o consultas mais voltadas para problemas de voz. Vamos orientar esses pacientes e avaliar a necessidade do exame para ver se h\u00e1 algum dist\u00farbio na voz, se h\u00e1 ou n\u00e3o c\u00e2ncer, verificar se h\u00e1 n\u00f3dulo vocal ou altera\u00e7\u00e3o estrutural m\u00ednima que contribui para uma voz com qualidade vocal n\u00e3o t\u00e3o boa. N\u00f3s, da Associa\u00e7\u00e3o Brasileira de Otorrinolaringologia, estamos coordenando essas a\u00e7\u00f5es. Cada cidade no pa\u00eds que tem profissionais que fazem parte dessa Associa\u00e7\u00e3o est\u00e1 realizando a campanha \u00e0 sua maneira. \u00c9 um meio de divulgar e explicar problemas relacionados \u00e0 voz\u201d, explicou Dr. Fernando.<\/p>\n<p>&nbsp;<\/p>\n<p>Rog\u00e9rio Leite, secret\u00e1rio municipal de Sa\u00fade, acredita que ideias como essa ampliam a assist\u00eancia m\u00e9dica a pacientes, fortalecem servi\u00e7os que o SUS oferece e aumentam a dissemina\u00e7\u00e3o de informa\u00e7\u00f5es. \u201cQuando o p\u00fablico e o privado agem de maneira a se ajudar mutuamente quem mais ganha com a iniciativa \u00e9 a popula\u00e7\u00e3o. Perceber que h\u00e1 profissionais comprometidos com o bem-estar em sa\u00fade de pacientes mais carentes \u00e9 muito gratificante. A a\u00e7\u00e3o \u00e9 bastante interessante principalmente pelo fato de o exame de videolaringoscopia s\u00f3 ser oferecido pelo SUS em Campo Grande. Essas pessoas que passar\u00e3o pela triagem v\u00e3o poder fazer o exame e receber o diagn\u00f3stico na cidade onde moram, podendo iniciar o tratamento de maneira mais r\u00e1pida\u201d, afirmou o secret\u00e1rio.<\/p>\n<p>&nbsp;<\/p>\n<p>De acordo com Dr. Fernando Giordano, modificar alguns h\u00e1bitos pode proteger a voz e diminuir a possibilidade de problemas nessa regi\u00e3o do corpo. O tabagismo, por exemplo, aumenta a possibilidade de dist\u00farbios nas cordas vocais como laringite cr\u00f4nica e c\u00e2ncer. Comer e deitar pode provocar refluxo e prejudicar a laringe, ocasionando dist\u00farbio de voz ou de degluti\u00e7\u00e3o. Pigarrear \u00e9 um h\u00e1bito que for\u00e7a as cordas vocais levando a problemas. Falar for\u00e7ando a voz e gritando tamb\u00e9m \u00e9 prejudicial. Per\u00edodo seco sem hidrata\u00e7\u00e3o adequada causa les\u00f5es nas cordas vocais. Comidas quentes ou geladas demais prejudicam as cordas vocais de maneira indireta.<\/p>\n<p>&nbsp;<\/p>\n<p>O otorrinolaringologista afirmou ainda que o trabalho desse profissional com rela\u00e7\u00e3o \u00e0 voz est\u00e1 sempre vinculado \u00e0 atividade do fonoaudi\u00f3logo. Ele explicou que geralmente o diagn\u00f3stico do problema \u00e9 realizado pelo m\u00e9dico, especialmente por meio do exame de videolaringoscopia para avalia\u00e7\u00e3o da garganta. O tratamento poder\u00e1 ser medicamentoso e\/ou com fonoterapia, quando o paciente \u00e9 encaminhado para tratamento com fonoaudi\u00f3logo. \u201cO otorrino n\u00e3o vive sem fonoaudi\u00f3logo e vice-versa, eles caminham em conjunto\u201d, afirmou Dr. Fernando.<\/p>\n<p>&nbsp;<\/p>\n<p>Al\u00e9m da garganta, o otorrinolaringologista tamb\u00e9m trata de doen\u00e7as do nariz e do ouvido. As principais enfermidades tratadas por essa especialidade m\u00e9dica s\u00e3o: v\u00e1rios tipos de quadros al\u00e9rgicos, sinusite, desvio de septo nasal, polipose nasal, dist\u00farbios do sono (apneia), diminui\u00e7\u00e3o auditiva, otite, faringite, amidalite, paralisia facial, dist\u00farbio de degluti\u00e7\u00e3o, altera\u00e7\u00f5es nas pregas vocais e dist\u00farbios do labirinto.<\/p>\n<p>&nbsp;<\/p>\n<p>O Munic\u00edpio de Corumb\u00e1 disponibiliza hoje para os usu\u00e1rios do Sistema \u00danico de Sa\u00fade (SUS) dois otorrinolaringologistas e duas fonoaudi\u00f3logas. Os pacientes precisam ser encaminhados pelos m\u00e9dicos das Unidades B\u00e1sicas de Sa\u00fade (UBS) para serem atendidos por esses especialistas.<\/p>\n","protected":false},"excerpt":{"rendered":"<p>Na Semana Nacional da Voz, de 16 a 20 de abril, a Associa\u00e7\u00e3o Brasileira de&#8230;<\/p>\n","protected":false},"author":1,"featured_media":16215,"comment_status":"closed","ping_status":"closed","sticky":false,"template":"","format":"standard","meta":{"footnotes":""},"categories":[21],"tags":[],"class_list":["post-16214","post","type-post","status-publish","format-standard","has-post-thumbnail","hentry","category-saude"],"_links":{"self":[{"href":"https:\/\/www.corumbaonline.com.br\/news\/wp-json\/wp\/v2\/posts\/16214","targetHints":{"allow":["GET"]}}],"collection":[{"href":"https:\/\/www.corumbaonline.com.br\/news\/wp-json\/wp\/v2\/posts"}],"about":[{"href":"https:\/\/www.corumbaonline.com.br\/news\/wp-json\/wp\/v2\/types\/post"}],"author":[{"embeddable":true,"href":"https:\/\/www.corumbaonline.com.br\/news\/wp-json\/wp\/v2\/users\/1"}],"replies":[{"embeddable":true,"href":"https:\/\/www.corumbaonline.com.br\/news\/wp-json\/wp\/v2\/comments?post=16214"}],"version-history":[{"count":1,"href":"https:\/\/www.corumbaonline.com.br\/news\/wp-json\/wp\/v2\/posts\/16214\/revisions"}],"predecessor-version":[{"id":16216,"href":"https:\/\/www.corumbaonline.com.br\/news\/wp-json\/wp\/v2\/posts\/16214\/revisions\/16216"}],"wp:featuredmedia":[{"embeddable":true,"href":"https:\/\/www.corumbaonline.com.br\/news\/wp-json\/wp\/v2\/media\/16215"}],"wp:attachment":[{"href":"https:\/\/www.corumbaonline.com.br\/news\/wp-json\/wp\/v2\/media?parent=16214"}],"wp:term":[{"taxonomy":"category","embeddable":true,"href":"https:\/\/www.corumbaonline.com.br\/news\/wp-json\/wp\/v2\/categories?post=16214"},{"taxonomy":"post_tag","embeddable":true,"href":"https:\/\/www.corumbaonline.com.br\/news\/wp-json\/wp\/v2\/tags?post=16214"}],"curies":[{"name":"wp","href":"https:\/\/api.w.org\/{rel}","templated":true}]}}