{"id":16284,"date":"2018-04-18T10:54:10","date_gmt":"2018-04-18T14:54:10","guid":{"rendered":"http:\/\/www.corumbaonline.com.br\/news\/?p=16284"},"modified":"2018-04-18T14:22:17","modified_gmt":"2018-04-18T18:22:17","slug":"minicurso-para-confeccao-de-vasos-de-toalhas-usadas-comeca-nesta-quarta","status":"publish","type":"post","link":"https:\/\/www.corumbaonline.com.br\/news\/minicurso-para-confeccao-de-vasos-de-toalhas-usadas-comeca-nesta-quarta\/","title":{"rendered":"Minicurso para confec\u00e7\u00e3o de vasos de toalhas usadas come\u00e7a nesta quarta"},"content":{"rendered":"<p>A Prefeitura Municipal de Corumb\u00e1, por meio da Funda\u00e7\u00e3o do Meio Ambiente do Pantanal, inicia nesta quarta-feira, 18 de abril, o minicurso para confec\u00e7\u00e3o de vasos de toalhas usadas para o cultivo de plantas ornamentais.<\/p>\n<p>&nbsp;<\/p>\n<p>A atividade ser\u00e1 realizada no Cras I, localizado na Rua C\u00e1ceres, bairro Centro Am\u00e9rica, e ser\u00e1 direcionado para 35 mulheres que participam do Centro de Refer\u00eancia de Assist\u00eancia Social e come\u00e7a \u00e0s 13 horas.<\/p>\n<p>&nbsp;<\/p>\n<p>Entre os dias 18, 19 e 20 de abril, o minicurso acontece no per\u00edodo vespertino. Entre os dias 25, 26 e 27 deste m\u00eas, o trabalho ser\u00e1 realizado durante a manh\u00e3. \u00a0O objetivo \u00e9 reutilizar toalhas em desuso para confec\u00e7\u00e3o de vasos ornamentais que poder\u00e3o ser utilizados no cultivo de plantas e principalmente na promo\u00e7\u00e3o da gera\u00e7\u00e3o de renda.<\/p>\n<p>&nbsp;<\/p>\n<p>A confec\u00e7\u00e3o artesanal por meio da reutiliza\u00e7\u00e3o \u00e9 uma forma de economizar e ainda criar uma obra de arte. O minicurso atender\u00e1 a demanda das inscri\u00e7\u00f5es realizadas com a comunidade do Bairro Cristo Redentor que foram disponibilizadas na \u00faltima a\u00e7\u00e3o \u201cPrefeito Presente\u201d que foi realizado no dia 24 de mar\u00e7o na Escola Jose de Souza Damy.<\/p>\n","protected":false},"excerpt":{"rendered":"<p>A Prefeitura Municipal de Corumb\u00e1, por meio da Funda\u00e7\u00e3o do Meio Ambiente do Pantanal, inicia&#8230;<\/p>\n","protected":false},"author":1,"featured_media":0,"comment_status":"closed","ping_status":"closed","sticky":false,"template":"","format":"standard","meta":{"footnotes":""},"categories":[14],"tags":[],"class_list":["post-16284","post","type-post","status-publish","format-standard","hentry","category-geral"],"_links":{"self":[{"href":"https:\/\/www.corumbaonline.com.br\/news\/wp-json\/wp\/v2\/posts\/16284","targetHints":{"allow":["GET"]}}],"collection":[{"href":"https:\/\/www.corumbaonline.com.br\/news\/wp-json\/wp\/v2\/posts"}],"about":[{"href":"https:\/\/www.corumbaonline.com.br\/news\/wp-json\/wp\/v2\/types\/post"}],"author":[{"embeddable":true,"href":"https:\/\/www.corumbaonline.com.br\/news\/wp-json\/wp\/v2\/users\/1"}],"replies":[{"embeddable":true,"href":"https:\/\/www.corumbaonline.com.br\/news\/wp-json\/wp\/v2\/comments?post=16284"}],"version-history":[{"count":1,"href":"https:\/\/www.corumbaonline.com.br\/news\/wp-json\/wp\/v2\/posts\/16284\/revisions"}],"predecessor-version":[{"id":16285,"href":"https:\/\/www.corumbaonline.com.br\/news\/wp-json\/wp\/v2\/posts\/16284\/revisions\/16285"}],"wp:attachment":[{"href":"https:\/\/www.corumbaonline.com.br\/news\/wp-json\/wp\/v2\/media?parent=16284"}],"wp:term":[{"taxonomy":"category","embeddable":true,"href":"https:\/\/www.corumbaonline.com.br\/news\/wp-json\/wp\/v2\/categories?post=16284"},{"taxonomy":"post_tag","embeddable":true,"href":"https:\/\/www.corumbaonline.com.br\/news\/wp-json\/wp\/v2\/tags?post=16284"}],"curies":[{"name":"wp","href":"https:\/\/api.w.org\/{rel}","templated":true}]}}