{"id":16286,"date":"2018-04-18T14:00:54","date_gmt":"2018-04-18T18:00:54","guid":{"rendered":"http:\/\/www.corumbaonline.com.br\/news\/?p=16286"},"modified":"2018-04-18T14:23:28","modified_gmt":"2018-04-18T18:23:28","slug":"aprovados-em-concurso-da-agepen-pedem-apoio-de-deputados-por-convocacao","status":"publish","type":"post","link":"https:\/\/www.corumbaonline.com.br\/news\/aprovados-em-concurso-da-agepen-pedem-apoio-de-deputados-por-convocacao\/","title":{"rendered":"Aprovados em concurso da Agepen pedem apoio de deputados por convoca\u00e7\u00e3o"},"content":{"rendered":"<p>Em nome de aproximadamente mil aprovados do \u00faltimo concurso para agentes penitenci\u00e1rios da Ag\u00eancia Estadual de Administra\u00e7\u00e3o do Sistema Penitenci\u00e1rio (Agepen), Diego Ferreira Aranda discursou na tribuna durante sess\u00e3o plen\u00e1ria desta quarta-feira (18), para pedir intermedia\u00e7\u00e3o dos deputados estaduais para sensibilizarem o Governo do Estado pela convoca\u00e7\u00e3o. O concurso tem vencimento em abril de 2019.<\/p>\n<p>\u201cN\u00e3o viemos cobrar o Legislativo, mas sim pedir a uni\u00e3o de esfor\u00e7os e\u00a0oferecer nossa for\u00e7a de trabalho, pois o Estado est\u00e1 fazendo sua parte construindo novas unidades e reformando outras, mas sem a nossa m\u00e3o de obra no trato di\u00e1rio com o preso, tudo isso ser\u00e1 colocado em risco\u201d, explicou o Aranda.<\/p>\n<p>Segundo o representante, estima-se que h\u00e1 um d\u00e9ficit de 10.880 servidores no Sistema Prisional e \u00e9 preciso uma uni\u00e3o de esfor\u00e7os para que isso seja zerado, a come\u00e7ar com a convoca\u00e7\u00e3o dos aprovados. \u201cArcamos com custos elevad\u00edssimos de taxas, exames, deslocamentos, para estar aprovado para a vaga, mas falta o curso de forma\u00e7\u00e3o para poder atender aos anseios da sociedade civil organizada. Cada um gastou em m\u00e9dia R$ 10 mil ao longo dos estudos e aprova\u00e7\u00e3o at\u00e9 aqui. Fiquem do nosso lado, somos mais de mil fam\u00edlias, para lutar por mais cursos, para que juntos possamos fazer o melhor\u201d, destacouAranda, que foi convidado a usar a tribuna pelo deputado Jo\u00e3o Grand\u00e3o (PT).<\/p>\n<p>O deputado parabenizou a reivindica\u00e7\u00e3o. \u201cVoc\u00ea est\u00e1 aqui pelos seus direitos. Achei muito bom voc\u00eas entenderem que o Estado est\u00e1 cuidando da quest\u00e3o or\u00e7ament\u00e1ria, mas deixa voc\u00eas nessa situa\u00e7\u00e3o. Vamos lutar por voc\u00eas\u201d, afirmou Jo\u00e3o Grand\u00e3o. Herculano Borges (SD) tamb\u00e9m agradeceu a presen\u00e7a. \u201cColoco-me \u00e0 disposi\u00e7\u00e3o\u00a0para buscar alternativas\u201d, ressaltou.<\/p>\n<p>Presidente da Comiss\u00e3o Permanente de Seguran\u00e7a P\u00fablica e Defesa Social, o deputado Cabo Almi (PT), questionou atitude do Governo do Estado. \u201cPor que permitem voc\u00eas fazerem todas as etapas se n\u00e3o vai chamar? Vamos convocar uma reuni\u00e3o para que eles deem explica\u00e7\u00f5es e parem com essa brincadeira de fazer concurso para obter &#8216;caixa&#8217; e n\u00e3o convocar\u201d, enfatizou Cabo Almi.<\/p>\n<p>Segundo Barbosinha (DEM), atualmente o efetivo gira em torno de 1.700 servidores penitenci\u00e1rios. \u201cH\u00e1 um desejo de se chamar mais mil agentes, mas precisamos ver se at\u00e9 l\u00e1 haver\u00e1 a necessidade e limite prudencial. A inten\u00e7\u00e3o \u00e9 que gradativamente possamos ter os agentes ainda mais ocupando os espa\u00e7os e desafogando fun\u00e7\u00f5es que hoje tem sido feito pelas pol\u00edcias militares\u201d, enfatizou.<\/p>\n<p>Um requerimento pedindo a renova\u00e7\u00e3o do concurso para mais dois anos e a convoca\u00e7\u00e3o dos aprovados pelo curso de forma\u00e7\u00e3o foi apresentado pelo deputado Dr. Paulo Siufi (PMDB) e assinado por outros 18 deputados. Ele ser\u00e1 encaminhado para o governador Reinaldo Azambuja (PSDB), segundo o presidente da Assembleia Legislativa, deputado Junior Mochi (PMDB), que tamb\u00e9m agradeceu a presen\u00e7a do representante dos aprovados e prometeu a interlocu\u00e7\u00e3o \u201cposs\u00edvel e necess\u00e1ria para que os anseios da categoria se tornem realidade\u201d.<\/p>\n","protected":false},"excerpt":{"rendered":"<p>Em nome de aproximadamente mil aprovados do \u00faltimo concurso para agentes penitenci\u00e1rios da Ag\u00eancia Estadual&#8230;<\/p>\n","protected":false},"author":1,"featured_media":0,"comment_status":"closed","ping_status":"closed","sticky":false,"template":"","format":"standard","meta":{"footnotes":""},"categories":[6],"tags":[],"class_list":["post-16286","post","type-post","status-publish","format-standard","hentry","category-concurso"],"_links":{"self":[{"href":"https:\/\/www.corumbaonline.com.br\/news\/wp-json\/wp\/v2\/posts\/16286","targetHints":{"allow":["GET"]}}],"collection":[{"href":"https:\/\/www.corumbaonline.com.br\/news\/wp-json\/wp\/v2\/posts"}],"about":[{"href":"https:\/\/www.corumbaonline.com.br\/news\/wp-json\/wp\/v2\/types\/post"}],"author":[{"embeddable":true,"href":"https:\/\/www.corumbaonline.com.br\/news\/wp-json\/wp\/v2\/users\/1"}],"replies":[{"embeddable":true,"href":"https:\/\/www.corumbaonline.com.br\/news\/wp-json\/wp\/v2\/comments?post=16286"}],"version-history":[{"count":1,"href":"https:\/\/www.corumbaonline.com.br\/news\/wp-json\/wp\/v2\/posts\/16286\/revisions"}],"predecessor-version":[{"id":16287,"href":"https:\/\/www.corumbaonline.com.br\/news\/wp-json\/wp\/v2\/posts\/16286\/revisions\/16287"}],"wp:attachment":[{"href":"https:\/\/www.corumbaonline.com.br\/news\/wp-json\/wp\/v2\/media?parent=16286"}],"wp:term":[{"taxonomy":"category","embeddable":true,"href":"https:\/\/www.corumbaonline.com.br\/news\/wp-json\/wp\/v2\/categories?post=16286"},{"taxonomy":"post_tag","embeddable":true,"href":"https:\/\/www.corumbaonline.com.br\/news\/wp-json\/wp\/v2\/tags?post=16286"}],"curies":[{"name":"wp","href":"https:\/\/api.w.org\/{rel}","templated":true}]}}