{"id":16288,"date":"2018-04-18T09:15:58","date_gmt":"2018-04-18T13:15:58","guid":{"rendered":"http:\/\/www.corumbaonline.com.br\/news\/?p=16288"},"modified":"2018-04-18T14:24:42","modified_gmt":"2018-04-18T18:24:42","slug":"fundacao-de-turismo-promove-projeto-de-sensibilizacao-turistica-na-reme","status":"publish","type":"post","link":"https:\/\/www.corumbaonline.com.br\/news\/fundacao-de-turismo-promove-projeto-de-sensibilizacao-turistica-na-reme\/","title":{"rendered":"Funda\u00e7\u00e3o de Turismo promove projeto de Sensibiliza\u00e7\u00e3o Tur\u00edstica na REME"},"content":{"rendered":"<p>A Funda\u00e7\u00e3o de Turismo do Pantanal deu in\u00edcio ao projeto de Sensibiliza\u00e7\u00e3o Tur\u00edstica. A Escola Municipal Luiz Feitosa Rodrigues \u2013 Extens\u00e3o CENIC, com os alunos do pr\u00e9-escolar e primeira a quarta s\u00e9rie, foi a primeira a receber a a\u00e7\u00e3o. O projeto consiste em conscientizar os alunos das escolas municipais, por meio de palestras, da import\u00e2ncia do turismo para o desenvolvimento da cidade.<\/p>\n<p>&nbsp;<\/p>\n<p>Segundo o diretor-presidente da Funda\u00e7\u00e3o de Turismo, Rufo Vinagre, \u201c\u00e9 de extrema import\u00e2ncia passar esse conhecimento para a popula\u00e7\u00e3o em geral\u201d. O come\u00e7o da a\u00e7\u00e3o pelas crian\u00e7as tem como objetivo que repassem para a fam\u00edlia o que aprenderam.<\/p>\n<p>&nbsp;<\/p>\n<p>\u201cSabemos que a mudan\u00e7a tem que come\u00e7ar pelos jovens, por isso come\u00e7ou por elas, pelas crian\u00e7as. Para que se entenda que o turismo tamb\u00e9m contribui para a economia. Al\u00e9m de ser necess\u00e1rio que todos compreendam e conhe\u00e7am nossos principais atrativos tur\u00edsticos, que todos s\u00e3o importantes e precisam ser preservados\u201d, disse Rufo.<\/p>\n<p>&nbsp;<\/p>\n<p>A palestra mostra aos ouvintes o patrim\u00f4nio cultural e hist\u00f3rico de Corumb\u00e1, o Pantanal e suas belezas naturais. \u201cQuando se trata de conscientiza\u00e7\u00e3o, nada melhor que falar com nossas crian\u00e7as, para que cres\u00e7am num ambiente que valoriza o turismo e o seu patrim\u00f4nio\u201d, concluiu o diretor-presidente da Funda\u00e7\u00e3o de Turismo do Pantanal.<\/p>\n<p>&nbsp;<\/p>\n<p>Posteriormente, o projeto de Sensibiliza\u00e7\u00e3o Tur\u00edstica ser\u00e1 ampliado. Professores e coordenadores receber\u00e3o a capacita\u00e7\u00e3o para que o conhecimento possa ser passado para mais pessoas.<\/p>\n","protected":false},"excerpt":{"rendered":"<p>A Funda\u00e7\u00e3o de Turismo do Pantanal deu in\u00edcio ao projeto de Sensibiliza\u00e7\u00e3o Tur\u00edstica. A Escola&#8230;<\/p>\n","protected":false},"author":1,"featured_media":0,"comment_status":"closed","ping_status":"closed","sticky":false,"template":"","format":"standard","meta":{"footnotes":""},"categories":[23],"tags":[],"class_list":["post-16288","post","type-post","status-publish","format-standard","hentry","category-turismo"],"_links":{"self":[{"href":"https:\/\/www.corumbaonline.com.br\/news\/wp-json\/wp\/v2\/posts\/16288","targetHints":{"allow":["GET"]}}],"collection":[{"href":"https:\/\/www.corumbaonline.com.br\/news\/wp-json\/wp\/v2\/posts"}],"about":[{"href":"https:\/\/www.corumbaonline.com.br\/news\/wp-json\/wp\/v2\/types\/post"}],"author":[{"embeddable":true,"href":"https:\/\/www.corumbaonline.com.br\/news\/wp-json\/wp\/v2\/users\/1"}],"replies":[{"embeddable":true,"href":"https:\/\/www.corumbaonline.com.br\/news\/wp-json\/wp\/v2\/comments?post=16288"}],"version-history":[{"count":1,"href":"https:\/\/www.corumbaonline.com.br\/news\/wp-json\/wp\/v2\/posts\/16288\/revisions"}],"predecessor-version":[{"id":16289,"href":"https:\/\/www.corumbaonline.com.br\/news\/wp-json\/wp\/v2\/posts\/16288\/revisions\/16289"}],"wp:attachment":[{"href":"https:\/\/www.corumbaonline.com.br\/news\/wp-json\/wp\/v2\/media?parent=16288"}],"wp:term":[{"taxonomy":"category","embeddable":true,"href":"https:\/\/www.corumbaonline.com.br\/news\/wp-json\/wp\/v2\/categories?post=16288"},{"taxonomy":"post_tag","embeddable":true,"href":"https:\/\/www.corumbaonline.com.br\/news\/wp-json\/wp\/v2\/tags?post=16288"}],"curies":[{"name":"wp","href":"https:\/\/api.w.org\/{rel}","templated":true}]}}