{"id":16295,"date":"2018-04-18T14:56:49","date_gmt":"2018-04-18T18:56:49","guid":{"rendered":"http:\/\/www.corumbaonline.com.br\/news\/?p=16295"},"modified":"2018-04-18T15:20:12","modified_gmt":"2018-04-18T19:20:12","slug":"campanha-de-vacinacao-contra-gripe-comeca-no-dia-23-de-abril","status":"publish","type":"post","link":"https:\/\/www.corumbaonline.com.br\/news\/campanha-de-vacinacao-contra-gripe-comeca-no-dia-23-de-abril\/","title":{"rendered":"Campanha de vacina\u00e7\u00e3o contra gripe come\u00e7a no dia 23 de abril"},"content":{"rendered":"<p>A Campanha Nacional de Vacina\u00e7\u00e3o contra a gripe ter\u00e1 in\u00edcio no dia 23 de abril e vai at\u00e9 1\u00b0 de junho. A informa\u00e7\u00e3o foi dada pelo Minist\u00e9rio da Sa\u00fade hoje (18), em Bras\u00edlia. Segundo o \u00f3rg\u00e3o, a imuniza\u00e7\u00e3o vai assegurar prote\u00e7\u00e3o\u00a0<a href=\"http:\/\/agenciabrasil.ebc.com.br\/geral\/noticia\/2018-04\/entenda-os-diferentes-tipos-de-virus-da-gripe-que-circulam-pelo-brasil\" target=\"_blank\" rel=\"noopener noreferrer\">contra os tr\u00eas subtipos<\/a>\u00a0do v\u00edrus de maior incid\u00eancia: H1N1, H3N2 e Influenza B.<\/p>\n<p>O objetivo \u00e9 atuar no per\u00edodo de maior propaga\u00e7\u00e3o do v\u00edrus: na transi\u00e7\u00e3o entre o outono e o inverno. A iniciativa ser\u00e1 voltada principalmente para idosos, gestantes, crian\u00e7as com idades entre seis meses e cinco anos, trabalhadores da sa\u00fade, professores, povos ind\u00edgenas, pu\u00e9rperas (mulheres cujo parto ocorreu h\u00e1 at\u00e9 45 dias) adolescentes e adultos privados de liberdade.<\/p>\n<div class=\"dnd-widget-wrapper context-medio_4colunas type-image atom-align-left\">\n<div class=\"dnd-atom-rendered\">\n<figure class=\"mejs-fotoh-wrapper\">\n<p><figure style=\"width: 365px\" class=\"wp-caption alignnone\"><img loading=\"lazy\" decoding=\"async\" class=\"img-responsive full full\" title=\"Rio de Janeiro - Primeiro dia da 19\u00aa Campanha Nacional de Vacina\u00e7\u00e3o contra a Gripe na capital fluminense (T\u00e2nia R\u00eago\/Ag\u00eancia Brasil)\/T\u00e2nia R\u00eago\/Ag\u00eancia Brasil\" src=\"http:\/\/imagens.ebc.com.br\/FuMo3M55jSU3hzCoLi3U8Une_s0=\/365x0\/smart\/http:\/\/agenciabrasil.ebc.com.br\/sites\/default\/files\/atoms\/image\/1073159-rj_tngro_abr_17.04.2017-1406.jpg?itok=rB46y76Q\" alt=\"Rio de Janeiro - Primeiro dia da 19\u00aa Campanha Nacional de Vacina\u00e7\u00e3o contra a Gripe na capital fluminense (T\u00e2nia R\u00eago\/Ag\u00eancia Brasil)\" width=\"365\" height=\"243\" \/><figcaption class=\"wp-caption-text\">Campanha Nacional de Vacina\u00e7\u00e3o contra a Gripe come\u00e7a dia 23 de abril (Foto: T\u00e2nia R\u00eago\/Ag\u00eancia Brasil)<\/figcaption><\/figure><\/figure>\n<\/div>\n<\/div>\n<p>At\u00e9 o dia 7 de abril, de acordo com o minist\u00e9rio, haviam sido contabilizados 286 casos de gripe e 28 mortes. O subtipo H1N1 provocou 117 casos e 16 \u00f3bitos e o H3N2, 71 casos e 12 mortes.<\/p>\n<p>A gripe \u00e9 causada pelo v\u00edrus influenza. Entre os sintomas que provoca est\u00e3o febre alta, dor muscular, dores de cabe\u00e7a e na garganta e coriza.<\/p>\n","protected":false},"excerpt":{"rendered":"<p>A Campanha Nacional de Vacina\u00e7\u00e3o contra a gripe ter\u00e1 in\u00edcio no dia 23 de abril&#8230;<\/p>\n","protected":false},"author":1,"featured_media":0,"comment_status":"closed","ping_status":"closed","sticky":false,"template":"","format":"standard","meta":{"footnotes":""},"categories":[21],"tags":[],"class_list":["post-16295","post","type-post","status-publish","format-standard","hentry","category-saude"],"_links":{"self":[{"href":"https:\/\/www.corumbaonline.com.br\/news\/wp-json\/wp\/v2\/posts\/16295","targetHints":{"allow":["GET"]}}],"collection":[{"href":"https:\/\/www.corumbaonline.com.br\/news\/wp-json\/wp\/v2\/posts"}],"about":[{"href":"https:\/\/www.corumbaonline.com.br\/news\/wp-json\/wp\/v2\/types\/post"}],"author":[{"embeddable":true,"href":"https:\/\/www.corumbaonline.com.br\/news\/wp-json\/wp\/v2\/users\/1"}],"replies":[{"embeddable":true,"href":"https:\/\/www.corumbaonline.com.br\/news\/wp-json\/wp\/v2\/comments?post=16295"}],"version-history":[{"count":1,"href":"https:\/\/www.corumbaonline.com.br\/news\/wp-json\/wp\/v2\/posts\/16295\/revisions"}],"predecessor-version":[{"id":16296,"href":"https:\/\/www.corumbaonline.com.br\/news\/wp-json\/wp\/v2\/posts\/16295\/revisions\/16296"}],"wp:attachment":[{"href":"https:\/\/www.corumbaonline.com.br\/news\/wp-json\/wp\/v2\/media?parent=16295"}],"wp:term":[{"taxonomy":"category","embeddable":true,"href":"https:\/\/www.corumbaonline.com.br\/news\/wp-json\/wp\/v2\/categories?post=16295"},{"taxonomy":"post_tag","embeddable":true,"href":"https:\/\/www.corumbaonline.com.br\/news\/wp-json\/wp\/v2\/tags?post=16295"}],"curies":[{"name":"wp","href":"https:\/\/api.w.org\/{rel}","templated":true}]}}