{"id":16297,"date":"2018-04-18T15:22:31","date_gmt":"2018-04-18T19:22:31","guid":{"rendered":"http:\/\/www.corumbaonline.com.br\/news\/?p=16297"},"modified":"2018-04-18T15:22:31","modified_gmt":"2018-04-18T19:22:31","slug":"corumba-devera-vacinar-rebanho-de-2-milhoes-de-animais-contra-aftosa","status":"publish","type":"post","link":"https:\/\/www.corumbaonline.com.br\/news\/corumba-devera-vacinar-rebanho-de-2-milhoes-de-animais-contra-aftosa\/","title":{"rendered":"Corumb\u00e1 dever\u00e1 vacinar rebanho de 2 milh\u00f5es de animais contra aftosa"},"content":{"rendered":"<p>A vacina\u00e7\u00e3o contra a febre aftosa come\u00e7a oficialmente em Mato Grosso do Sul no dia 1\u00b0 de maio e vai at\u00e9 15 de junho para os propriet\u00e1rios das regi\u00f5es do Planalto, Fronteira e Pantanal. Os propriet\u00e1rios da regi\u00e3o do Pantanal que optarem pela vacina\u00e7\u00e3o de todo o rebanho em maio, dever\u00e3o vacinar de 1\u00ba de maio a 15 de junho e o registro de 1\u00ba de maio at\u00e9 2 de julho.<\/p>\n<p>&nbsp;<\/p>\n<p>&nbsp;<\/p>\n<p>A previs\u00e3o do Governo do Estado \u00e9 de imunizar 21 milh\u00f5es de animais entre bovinos e bubalinos nesta campanha. Somente no munic\u00edpio de Corumb\u00e1 ser\u00e3o vacinadas 2 milh\u00f5es de cabe\u00e7as e, em todo o Pantanal, o rebanho representa 25% do gado do Mato Grosso do Sul.<\/p>\n<p>&nbsp;<\/p>\n<p>&nbsp;<\/p>\n<p>No Pantanal, em virtude do per\u00edodo de cheia, a Ag\u00eancia Estadual de Defesa Sanit\u00e1ria Animal e Vegetal &#8211; Iagro, respons\u00e1vel por acompanhar e fiscalizar a vacina\u00e7\u00e3o afirma que os propriet\u00e1rios que precisarem podem solicitar a antecipa\u00e7\u00e3o da vacina desde o dia 16 de abril.<\/p>\n<p>&nbsp;<\/p>\n<p>&nbsp;<\/p>\n<p>O produtor poder\u00e1 solicitar a autoriza\u00e7\u00e3o ao \u00f3rg\u00e3o tanto para antecipar o per\u00edodo da vacina, quanto para imunizar o gado em tr\u00e2nsito ou ainda, vacinar o rebanho no destino final. \u201cCom essas m\u00faltiplas solu\u00e7\u00f5es e o per\u00edodo flex\u00edvel, torna o manejo mais f\u00e1cil neste per\u00edodo cr\u00edtico de cheia e d\u00e1 seguran\u00e7a ao produtor rural\u201d, explica o subsecret\u00e1rio de Desenvolvimento Econ\u00f4mico e Sustent\u00e1vel de Corumb\u00e1, Luciano Leite.<\/p>\n<p>&nbsp;<\/p>\n<p>&nbsp;<\/p>\n<p>A Iagro publicou instru\u00e7\u00e3o de servi\u00e7o em que orienta produtores da regi\u00e3o do Pantanal que em caso de enchente na propriedade, a retirada dos animais deve ser requerida junto ao \u00f3rg\u00e3o. Caso o destino seja informado previamente, ser\u00e1 feita a emiss\u00e3o de GTA, caso n\u00e3o informe o local o servi\u00e7o oficial deve controlar e acompanhar a movimenta\u00e7\u00e3o dos animais.<\/p>\n<p>&nbsp;<\/p>\n<p>&nbsp;<\/p>\n<p>A partir do dia 27 de abril o produtor poder\u00e1 comprar a vacina contra a febre aftosa nas revendas do Estado, sem a necessidade de emiss\u00e3o de autoriza\u00e7\u00e3o de compra pela Iagro.<\/p>\n","protected":false},"excerpt":{"rendered":"<p>A vacina\u00e7\u00e3o contra a febre aftosa come\u00e7a oficialmente em Mato Grosso do Sul no dia&#8230;<\/p>\n","protected":false},"author":1,"featured_media":16298,"comment_status":"closed","ping_status":"closed","sticky":false,"template":"","format":"standard","meta":{"footnotes":""},"categories":[2],"tags":[],"class_list":["post-16297","post","type-post","status-publish","format-standard","has-post-thumbnail","hentry","category-agropecuaria"],"_links":{"self":[{"href":"https:\/\/www.corumbaonline.com.br\/news\/wp-json\/wp\/v2\/posts\/16297","targetHints":{"allow":["GET"]}}],"collection":[{"href":"https:\/\/www.corumbaonline.com.br\/news\/wp-json\/wp\/v2\/posts"}],"about":[{"href":"https:\/\/www.corumbaonline.com.br\/news\/wp-json\/wp\/v2\/types\/post"}],"author":[{"embeddable":true,"href":"https:\/\/www.corumbaonline.com.br\/news\/wp-json\/wp\/v2\/users\/1"}],"replies":[{"embeddable":true,"href":"https:\/\/www.corumbaonline.com.br\/news\/wp-json\/wp\/v2\/comments?post=16297"}],"version-history":[{"count":1,"href":"https:\/\/www.corumbaonline.com.br\/news\/wp-json\/wp\/v2\/posts\/16297\/revisions"}],"predecessor-version":[{"id":16299,"href":"https:\/\/www.corumbaonline.com.br\/news\/wp-json\/wp\/v2\/posts\/16297\/revisions\/16299"}],"wp:featuredmedia":[{"embeddable":true,"href":"https:\/\/www.corumbaonline.com.br\/news\/wp-json\/wp\/v2\/media\/16298"}],"wp:attachment":[{"href":"https:\/\/www.corumbaonline.com.br\/news\/wp-json\/wp\/v2\/media?parent=16297"}],"wp:term":[{"taxonomy":"category","embeddable":true,"href":"https:\/\/www.corumbaonline.com.br\/news\/wp-json\/wp\/v2\/categories?post=16297"},{"taxonomy":"post_tag","embeddable":true,"href":"https:\/\/www.corumbaonline.com.br\/news\/wp-json\/wp\/v2\/tags?post=16297"}],"curies":[{"name":"wp","href":"https:\/\/api.w.org\/{rel}","templated":true}]}}