{"id":16315,"date":"2018-04-19T11:22:19","date_gmt":"2018-04-19T15:22:19","guid":{"rendered":"http:\/\/www.corumbaonline.com.br\/news\/?p=16315"},"modified":"2018-04-19T11:18:10","modified_gmt":"2018-04-19T15:18:10","slug":"parlamento-elege-diaz-canel-para-presidir-cuba","status":"publish","type":"post","link":"https:\/\/www.corumbaonline.com.br\/news\/parlamento-elege-diaz-canel-para-presidir-cuba\/","title":{"rendered":"Parlamento elege D\u00edaz-Canel para presidir Cuba"},"content":{"rendered":"<p>Miguel D\u00edaz-Canel substituiu Ra\u00fal Castro como presidente de Cuba nesta quinta-feira, em um novo cap\u00edtulo para a ilha ap\u00f3s quase 60 anos de governo dos irm\u00e3os Castro, mas uma mudan\u00e7a que visa preservar o socialismo cubano.<\/p>\n<p class=\"text\">A Assembleia Nacional deu posse a D\u00edaz-Canel, com 603 dos 604 parlamentares presentes votando a favor do pol\u00edtico de 57 anos, marcando tamb\u00e9m uma mudan\u00e7a de gera\u00e7\u00f5es, uma vez que Castro tem 86 anos.<\/p>\n<div id=\"ad-video-inread--wrapper\"><\/div>\n<p class=\"text\">A transi\u00e7\u00e3o, embora uma mudan\u00e7a hist\u00f3rica da era que come\u00e7ou com a revolu\u00e7\u00e3o de Fidel e Ra\u00fal Castro em 1959, n\u00e3o deve desencadear mudan\u00e7as radicais na economia estatal e sistema de partido \u00fanico da ilha, um dos \u00faltimos do mundo.<\/p>\n<p class=\"text\">D\u00edaz-Canel \u00e9 visto como uma figura leal do Partido Comunista, que \u00e9 designado pela Constitui\u00e7\u00e3o como a for\u00e7a pol\u00edtica orientadora de Cuba, e ascendeu dentro da legenda durante as \u00faltimas tr\u00eas d\u00e9cadas.<\/p>\n","protected":false},"excerpt":{"rendered":"<p>Miguel D\u00edaz-Canel substituiu Ra\u00fal Castro como presidente de Cuba nesta quinta-feira, em um novo cap\u00edtulo&#8230;<\/p>\n","protected":false},"author":1,"featured_media":0,"comment_status":"closed","ping_status":"closed","sticky":false,"template":"","format":"standard","meta":{"footnotes":""},"categories":[15],"tags":[],"class_list":["post-16315","post","type-post","status-publish","format-standard","hentry","category-internacional"],"_links":{"self":[{"href":"https:\/\/www.corumbaonline.com.br\/news\/wp-json\/wp\/v2\/posts\/16315","targetHints":{"allow":["GET"]}}],"collection":[{"href":"https:\/\/www.corumbaonline.com.br\/news\/wp-json\/wp\/v2\/posts"}],"about":[{"href":"https:\/\/www.corumbaonline.com.br\/news\/wp-json\/wp\/v2\/types\/post"}],"author":[{"embeddable":true,"href":"https:\/\/www.corumbaonline.com.br\/news\/wp-json\/wp\/v2\/users\/1"}],"replies":[{"embeddable":true,"href":"https:\/\/www.corumbaonline.com.br\/news\/wp-json\/wp\/v2\/comments?post=16315"}],"version-history":[{"count":1,"href":"https:\/\/www.corumbaonline.com.br\/news\/wp-json\/wp\/v2\/posts\/16315\/revisions"}],"predecessor-version":[{"id":16316,"href":"https:\/\/www.corumbaonline.com.br\/news\/wp-json\/wp\/v2\/posts\/16315\/revisions\/16316"}],"wp:attachment":[{"href":"https:\/\/www.corumbaonline.com.br\/news\/wp-json\/wp\/v2\/media?parent=16315"}],"wp:term":[{"taxonomy":"category","embeddable":true,"href":"https:\/\/www.corumbaonline.com.br\/news\/wp-json\/wp\/v2\/categories?post=16315"},{"taxonomy":"post_tag","embeddable":true,"href":"https:\/\/www.corumbaonline.com.br\/news\/wp-json\/wp\/v2\/tags?post=16315"}],"curies":[{"name":"wp","href":"https:\/\/api.w.org\/{rel}","templated":true}]}}