{"id":16317,"date":"2018-04-19T11:31:08","date_gmt":"2018-04-19T15:31:08","guid":{"rendered":"http:\/\/www.corumbaonline.com.br\/news\/?p=16317"},"modified":"2018-04-19T11:29:58","modified_gmt":"2018-04-19T15:29:58","slug":"governo-do-brasil-pede-explicacao-ao-facebook-sobre-vazamento-de-dados","status":"publish","type":"post","link":"https:\/\/www.corumbaonline.com.br\/news\/governo-do-brasil-pede-explicacao-ao-facebook-sobre-vazamento-de-dados\/","title":{"rendered":"Governo do Brasil pede explica\u00e7\u00e3o ao Facebook sobre vazamento de dados"},"content":{"rendered":"<p>O governo federal notificou o Facebook para explicar o suposto vazamento de dados para a empresa brit\u00e2nica de marketing digital Cambridge Analytica. A informa\u00e7\u00e3o foi divulgada hoje (18) pelo Minist\u00e9rio da Justi\u00e7a. Em mar\u00e7o deste ano, ve\u00edculos de m\u00eddia dos Estados Unidos e do Reino Unido revelaram que um desenvolvedor, Aleksandr Kogan,\u00a0<a href=\"http:\/\/agenciabrasil.ebc.com.br\/internacional\/noticia\/2018-03\/zuckerberg-diz-que-vai-ajudar-esclarecer-vazamento-de-informacoes-do\" target=\"_blank\" rel=\"noopener noreferrer\">coletou informa\u00e7\u00f5es<\/a>\u00a0de milh\u00f5es de pessoas usando um aplicativo e repassou \u00e0 empresa\u00a0de an\u00e1lise, que utilizou os registros para influenciar elei\u00e7\u00f5es, como a disputa dos Estados Unidos de 2016.<\/p>\n<p>Neste m\u00eas, o Facebook revelou que o vazamento teria atingido 87 milh\u00f5es de pessoas, indo al\u00e9m dos Estados Unidos. Esse total incluiu\u00a0<a href=\"http:\/\/agenciabrasil.ebc.com.br\/geral\/noticia\/2018-04\/facebook-notifica-usuarios-que-tiveram-dados-vazados-443-mil-sao-no-brasil\" target=\"_blank\" rel=\"noopener noreferrer\">443 mil usu\u00e1rios brasileiros<\/a>\u00a0, que segundo a empresa foram\u00a0notificados\u00a0sobre o ocorrido.<\/p>\n<div class=\"dnd-widget-wrapper context-medio_4colunas type-image atom-align-left\">\n<div class=\"dnd-atom-rendered\">\n<figure class=\"mejs-fotoh-wrapper\"><img decoding=\"async\" class=\"img-responsive full full\" title=\"Logo Facebook\/Divulga\u00e7\u00e3o\" src=\"http:\/\/imagens.ebc.com.br\/rfyw6kZWou-YBX0qvGHkhkuKUIg=\/365x0\/smart\/http:\/\/agenciabrasil.ebc.com.br\/sites\/default\/files\/atoms\/image\/facebook_1_0.jpg?itok=CJGHdKKg\" alt=\"Logo Facebook\" \/><\/figure>\n<\/div>\n<div class=\"dnd-caption-wrapper\">\n<div class=\"meta\">Logo Facebook &#8211; Divulga\u00e7\u00e3o<\/div>\n<\/div>\n<\/div>\n<p>A notifica\u00e7\u00e3o do governo brasileiro, expedida pela Secretaria Nacional de Defesa do Consumidor (Senacon), do Minist\u00e9rio da Justi\u00e7a, traz\u00a0uma s\u00e9rie de questionamentos\u00a0que dever\u00e3o ser respondidos em at\u00e9 10 dias pelo\u00a0Facebook. Entre eles,\u00a0o n\u00famero de brasileiros atingidos, como os dados foram utilizados\u00a0e a quem essas informa\u00e7\u00f5es foram repassadas.<\/p>\n<p>Em depoimento ao Congresso dos EUA, o presidente do Facebook, Mark Zuckerberg, admitiu que outras empresas\u00a0compraram as informa\u00e7\u00f5es levantadas pelo desenvolvedor Aleksandr Kogan. A Senacon\u00a0tamb\u00e9m indagou o escrit\u00f3rio do Facebook no Brasil\u00a0sobre o\u00a0que est\u00e1 sendo feito para contornar o problema.<\/p>\n<p>De acordo com o Minist\u00e9rio da Justi\u00e7a, se os questionamentos n\u00e3o forem respondidos poder\u00e1 haver a instaura\u00e7\u00e3o de processo administrativo. Se condenada, a empresa pode ser multada em at\u00e9 R$ 9 milh\u00f5es. \u201cEsse compartilhamento indevido viola a Constitui\u00e7\u00e3o Federal, que resguarda a privacidade do cidad\u00e3o\u201d, diz a secret\u00e1ria substituta, Ana Carolina Caram.<\/p>\n<p>Questionado pela<strong>\u00a0Ag\u00eancia Brasil<\/strong>\u00a0sobre a notifica\u00e7\u00e3o, o Facebook enviou um comunicado em que afirma que &#8220;nada \u00e9 mais importante do que proteger a privacidade das pessoas. Estamos \u00e0 disposi\u00e7\u00e3o para prestar esclarecimentos \u00e0s autoridades sobre este caso\u201d, disse a assessoria de empresa.\u00a0Em\u00a0<a href=\"http:\/\/agenciabrasil.ebc.com.br\/internacional\/noticia\/2018-04\/presidente-do-facebook-admite-falha-na-protecao-de-dados-dos-usuarios\" target=\"_blank\" rel=\"noopener noreferrer\">depoimento ao Congresso dos EUA<\/a>, Zuckerberg\u00a0admitiu falhas no cuidado com os dados de usu\u00e1rios e anunciou medidas que, segundo ele, aumentariam o controle das pessoas sobre as informa\u00e7\u00f5es na plataforma.<\/p>\n<p>O Minist\u00e9rio P\u00fablico do Distrito Federal e Territ\u00f3rios (MPDFT) j\u00e1 havia\u00a0<a href=\"http:\/\/agenciabrasil.ebc.com.br\/geral\/noticia\/2018-03\/ministerio-publico-do-df-investiga-uso-ilegal-de-dados-de-usuarios-do-facebook\" target=\"_blank\" rel=\"noopener noreferrer\">aberto\u00a0investiga\u00e7\u00e3o<\/a>\u00a0sobre a responsabilidade do Facebook no caso no dia 21 de mar\u00e7o. No documento que instaura o inqu\u00e9rito, o \u00f3rg\u00e3o aponta um \u201ctratamento ilegal de dados\u201d no epis\u00f3dio.<\/p>\n<h2>Congresso<\/h2>\n<p>No Congresso Nacional, deputados tamb\u00e9m solicitaram\u00a0explica\u00e7\u00f5es ao Facebook sobre o epis\u00f3dio. Na Comiss\u00e3o de Ci\u00eancia, Tecnologia, Comunica\u00e7\u00e3o e Inform\u00e1tica (CCTCI) foram apresentados diversos requerimentos sobre o vazamento\u00a0e temas correlatos, como a rela\u00e7\u00e3o entre dados pessoais e elei\u00e7\u00f5es. Os integrantes do colegiado aprovaram um semin\u00e1rio sobre privacidade, dados pessoais, as chamadas\u00a0<em>fake news<\/em>\u00a0e a regula\u00e7\u00e3o das plataformas.<\/p>\n","protected":false},"excerpt":{"rendered":"<p>O governo federal notificou o Facebook para explicar o suposto vazamento de dados para a&#8230;<\/p>\n","protected":false},"author":1,"featured_media":0,"comment_status":"closed","ping_status":"closed","sticky":false,"template":"","format":"standard","meta":{"footnotes":""},"categories":[14],"tags":[],"class_list":["post-16317","post","type-post","status-publish","format-standard","hentry","category-geral"],"_links":{"self":[{"href":"https:\/\/www.corumbaonline.com.br\/news\/wp-json\/wp\/v2\/posts\/16317","targetHints":{"allow":["GET"]}}],"collection":[{"href":"https:\/\/www.corumbaonline.com.br\/news\/wp-json\/wp\/v2\/posts"}],"about":[{"href":"https:\/\/www.corumbaonline.com.br\/news\/wp-json\/wp\/v2\/types\/post"}],"author":[{"embeddable":true,"href":"https:\/\/www.corumbaonline.com.br\/news\/wp-json\/wp\/v2\/users\/1"}],"replies":[{"embeddable":true,"href":"https:\/\/www.corumbaonline.com.br\/news\/wp-json\/wp\/v2\/comments?post=16317"}],"version-history":[{"count":1,"href":"https:\/\/www.corumbaonline.com.br\/news\/wp-json\/wp\/v2\/posts\/16317\/revisions"}],"predecessor-version":[{"id":16318,"href":"https:\/\/www.corumbaonline.com.br\/news\/wp-json\/wp\/v2\/posts\/16317\/revisions\/16318"}],"wp:attachment":[{"href":"https:\/\/www.corumbaonline.com.br\/news\/wp-json\/wp\/v2\/media?parent=16317"}],"wp:term":[{"taxonomy":"category","embeddable":true,"href":"https:\/\/www.corumbaonline.com.br\/news\/wp-json\/wp\/v2\/categories?post=16317"},{"taxonomy":"post_tag","embeddable":true,"href":"https:\/\/www.corumbaonline.com.br\/news\/wp-json\/wp\/v2\/tags?post=16317"}],"curies":[{"name":"wp","href":"https:\/\/api.w.org\/{rel}","templated":true}]}}