{"id":16397,"date":"2018-04-20T17:00:49","date_gmt":"2018-04-20T21:00:49","guid":{"rendered":"http:\/\/www.corumbaonline.com.br\/news\/?p=16397"},"modified":"2018-04-21T16:39:10","modified_gmt":"2018-04-21T20:39:10","slug":"depois-de-7-meses-acamado-paciente-retoma-a-vida-com-o-melhor-em-casa","status":"publish","type":"post","link":"https:\/\/www.corumbaonline.com.br\/news\/depois-de-7-meses-acamado-paciente-retoma-a-vida-com-o-melhor-em-casa\/","title":{"rendered":"Depois de 7 meses acamado, paciente retoma a vida com o Melhor em Casa"},"content":{"rendered":"<p>No dia 25 de abril de 2017, o senhor M\u00e1rio Pereira recebia pela primeira vez a visita da equipe multidisciplinar do Programa Melhor em Casa. Acamado h\u00e1 sete meses, sem conseguir comer, nem trabalhar, o paciente de 59 anos j\u00e1 n\u00e3o tinha mais esperan\u00e7a de viver. Sempre acompanhado pela esposa, dona Rosemeire Lopes, M\u00e1rio j\u00e1 n\u00e3o fazia mais nada que o dava prazer, nem sabia o real motivo de ter ficado, de uma hora para outra, doente. A pedido da equipe da Estrat\u00e9gia Sa\u00fade da Fam\u00edlia Pedro Paulo II, o Melhor em Casa foi visitar o paciente que passou por avalia\u00e7\u00e3o m\u00e9dica.<\/p>\n<p>&nbsp;<\/p>\n<p>\u201cQuando chegamos, nos deparamos com essa situa\u00e7\u00e3o de tristeza, desest\u00edmulo e desinteresse de viver porque as coisas b\u00e1sicas do cotidiano ele n\u00e3o fazia como andar e se alimentar. Ele falava que as coisas que mais gostava de comer n\u00e3o conseguia porque vomitava tudo. S\u00f3 conseguia comer aveia com leite. Antes, um homem forte de 150 quilos, depois de acamado, chegou perder a metade do peso. Pensamos em v\u00e1rias hip\u00f3teses diagn\u00f3sticas, ent\u00e3o investigamos tudo, realizamos tomografia, exames de sangue, ultrassom. Aos poucos, depois que excluirmos todos os diagn\u00f3sticos, s\u00f3 restou a possibilidade de ser o uso exacerbado de um medicamento que ele fazia por conta pr\u00f3pria para dor cr\u00f4nica. Ele come\u00e7ou a tomar o corticoide sem prescri\u00e7\u00e3o m\u00e9dica\u201d, contou Dr. Riad Ali Hamie, m\u00e9dico do Programa Melhor em Casa no Munic\u00edpio de Corumb\u00e1.<\/p>\n<p>&nbsp;<\/p>\n<p>\u201cFicamos somente com este diagn\u00f3stico e ele come\u00e7ou a se recuperar, ter movimentos, ter esperan\u00e7a e expectativa de vida, melhorou a qualidade de vida e a esposa, que \u00e9 a cuidadora, sempre esteve ao lado atendendo \u00e0s necessidades. Esse acolhimento, essa sensa\u00e7\u00e3o de estar amparado, cuidado e orientado, tudo isso somou para hoje vermos ele sentado aqui nessa bancada consertando aparelhos, trabalhando, local que estava totalmente abandonado\u201d, completou Dr. Riad.<\/p>\n<p>&nbsp;<\/p>\n<p>Teve \u00e9poca que a equipe chegou a visitar o senhor M\u00e1rio diariamente. O paciente chegou a ter anemia profunda, desmaiava no hospital e teve que fazer transfus\u00e3o de sangue, mas a nutricionista do programa, Marcela Barros Por Deus, sempre esteve com ele. A melhora nutricional foi realizada ao mesmo tempo em que foram ajustadas as doses dos rem\u00e9dios contra diabetes, hipertens\u00e3o e trocado o medicamento para dor. O programa passou cerca de oito meses acompanhando o paciente, at\u00e9 que recebeu alta em setembro do ano passado e j\u00e1 est\u00e1 reabilitado.<\/p>\n<p>&nbsp;<\/p>\n<p>\u201cEssa equipe do Melhor em Casa \u00e9 tudo de bom, \u00e9 um excelente projeto. Estou vivo gra\u00e7as \u00e0 equipe e em especial ao Dr. Riad, todos colaboraram para que isso fosse poss\u00edvel. Hoje tenho um estilo de vida melhor, com dieta balanceada. Com certeza, o tratamento \u00e9 melhor em casa. At\u00e9 hoje tenho uma satisfa\u00e7\u00e3o imensa, fico emocionado com todos eles aqui. Agora estou recome\u00e7ando com mais esperan\u00e7a, com mais cuidado com a vida. Eu mudei meu conceito de vida. Quero ser agora microempreendedor individual, fazer tudo certinho\u201d, afirmou M\u00e1rio.<\/p>\n<p>&nbsp;<\/p>\n<p>Para dar certo, o programa precisa da ades\u00e3o e disciplina do paciente e do cuidador. \u201c\u00c9 muito satisfat\u00f3rio passar aqui, saber que ele est\u00e1 trabalhando, est\u00e1 conseguindo conduzir a vida dele nos variados sentidos, est\u00e1 se sentindo \u00fatil. Outra coisa importante \u00e9 saber que ele \u00e9 querido na fam\u00edlia porque tem todo um contexto geral de um ser humano, seus h\u00e1bitos de vida, tem o trabalho, temos que pensar no paciente como um todo, uma sa\u00fade centrada na pessoa e n\u00e3o na doen\u00e7a\u201d, finalizou Dr. Riad.<\/p>\n<p>&nbsp;<\/p>\n<p>O Melhor em Casa \u00e9 um servi\u00e7o indicado para pessoas que apresentam dificuldades tempor\u00e1rias ou definitivas de sair do espa\u00e7o da casa para chegar at\u00e9 uma unidade de sa\u00fade. \u00c9 tamb\u00e9m recomendado para pacientes em situa\u00e7\u00f5es nas quais a Aten\u00e7\u00e3o Domiciliar \u00e9 a mais indicada para o seu tratamento. O objetivo \u00e9 proporcionar a essas pessoas um cuidado em sa\u00fade mais pr\u00f3ximo da rotina da fam\u00edlia, evitando hospitaliza\u00e7\u00f5es desnecess\u00e1rias e diminuindo riscos de infec\u00e7\u00f5es. O programa, idealizado pelo Minist\u00e9rio da Sa\u00fade e oferecido aos munic\u00edpios, \u00e9 voltado a pacientes que precisam ser acompanhados com frequ\u00eancia maior por equipe multidisciplinar.<\/p>\n","protected":false},"excerpt":{"rendered":"<p>No dia 25 de abril de 2017, o senhor M\u00e1rio Pereira recebia pela primeira vez&#8230;<\/p>\n","protected":false},"author":1,"featured_media":16398,"comment_status":"closed","ping_status":"closed","sticky":false,"template":"","format":"standard","meta":{"footnotes":""},"categories":[8,21],"tags":[],"class_list":["post-16397","post","type-post","status-publish","format-standard","has-post-thumbnail","hentry","category-destaque","category-saude"],"_links":{"self":[{"href":"https:\/\/www.corumbaonline.com.br\/news\/wp-json\/wp\/v2\/posts\/16397","targetHints":{"allow":["GET"]}}],"collection":[{"href":"https:\/\/www.corumbaonline.com.br\/news\/wp-json\/wp\/v2\/posts"}],"about":[{"href":"https:\/\/www.corumbaonline.com.br\/news\/wp-json\/wp\/v2\/types\/post"}],"author":[{"embeddable":true,"href":"https:\/\/www.corumbaonline.com.br\/news\/wp-json\/wp\/v2\/users\/1"}],"replies":[{"embeddable":true,"href":"https:\/\/www.corumbaonline.com.br\/news\/wp-json\/wp\/v2\/comments?post=16397"}],"version-history":[{"count":1,"href":"https:\/\/www.corumbaonline.com.br\/news\/wp-json\/wp\/v2\/posts\/16397\/revisions"}],"predecessor-version":[{"id":16399,"href":"https:\/\/www.corumbaonline.com.br\/news\/wp-json\/wp\/v2\/posts\/16397\/revisions\/16399"}],"wp:featuredmedia":[{"embeddable":true,"href":"https:\/\/www.corumbaonline.com.br\/news\/wp-json\/wp\/v2\/media\/16398"}],"wp:attachment":[{"href":"https:\/\/www.corumbaonline.com.br\/news\/wp-json\/wp\/v2\/media?parent=16397"}],"wp:term":[{"taxonomy":"category","embeddable":true,"href":"https:\/\/www.corumbaonline.com.br\/news\/wp-json\/wp\/v2\/categories?post=16397"},{"taxonomy":"post_tag","embeddable":true,"href":"https:\/\/www.corumbaonline.com.br\/news\/wp-json\/wp\/v2\/tags?post=16397"}],"curies":[{"name":"wp","href":"https:\/\/api.w.org\/{rel}","templated":true}]}}