{"id":16421,"date":"2018-04-23T09:05:51","date_gmt":"2018-04-23T13:05:51","guid":{"rendered":"http:\/\/www.corumbaonline.com.br\/news\/?p=16421"},"modified":"2018-04-23T09:34:37","modified_gmt":"2018-04-23T13:34:37","slug":"abril-verde-cerest-promove-acoes-de-orientacao-em-frigorifico-de-jacares","status":"publish","type":"post","link":"https:\/\/www.corumbaonline.com.br\/news\/abril-verde-cerest-promove-acoes-de-orientacao-em-frigorifico-de-jacares\/","title":{"rendered":"Abril Verde: Cerest promove a\u00e7\u00f5es de orienta\u00e7\u00e3o em frigor\u00edfico de jacar\u00e9s"},"content":{"rendered":"<p>O Centro de Refer\u00eancia em Sa\u00fade do Trabalhador (Cerest) promoveu uma visita t\u00e9cnica ao complexo industrial da Caimasul de cria\u00e7\u00e3o, abate, industrializa\u00e7\u00e3o e comercializa\u00e7\u00e3o da carne e couro de jacar\u00e9. Realizada na sexta-feira 20 de abril, a a\u00e7\u00e3o integrou as atividades do Abril Verde em Corumb\u00e1. O trabalho contou com apoio do N\u00facleo de Imuniza\u00e7\u00e3o e da Vigil\u00e2ncia Sanit\u00e1ria da Prefeitura Municipal de Corumb\u00e1.<\/p>\n<p>&nbsp;<\/p>\n<p>Coordenador do Cerest, Maquison Andr\u00e9 Brittiz Garcia, informou que durante a a\u00e7\u00e3o foram imunizados 55 trabalhadores com vacinas contra a Febre Amarela; Antitet\u00e2nica e Hepatite. No dia 28 de abril, o Centro de Refer\u00eancia promover\u00e1 caminhada para encerramento do Abril Verde, com o intuito de mobilizar a sociedade sobre a preven\u00e7\u00e3o de doen\u00e7as e acidentes no \u00e2mbito do trabalho.<\/p>\n<p>&nbsp;<\/p>\n<p>O Abril Verde surgiu por iniciativa do Sindicato dos T\u00e9cnicos de Seguran\u00e7a do Paran\u00e1 e logo ganhou aten\u00e7\u00e3o e apoio do Minist\u00e9rio P\u00fablico do Trabalho (MPT). A ideia foi disseminada no pa\u00eds especialmente pela quantidade de acidentes de trabalho registrados todos os anos. O Brasil \u00e9 o 4\u00ba no ranking de acidentes fatais de trabalho, segundo a Organiza\u00e7\u00e3o Internacional do Trabalho (OIT). S\u00e3o quase 4 mil trabalhadores mortos ao ano, enquanto o n\u00famero total no mundo chega a 321 mil.<\/p>\n<p>&nbsp;<\/p>\n<p>O m\u00eas foi escolhido pelo movimento porque o dia 28 de abril foi estabelecido pela OIT como o Dia Mundial em Mem\u00f3ria das V\u00edtimas de Acidentes de Trabalho. Ciente da import\u00e2ncia da campanha nacional, a Prefeitura de Corumb\u00e1 aderiu \u00e0 ideia e lan\u00e7ou o Abril Verde no munic\u00edpio. O Abril Verde tamb\u00e9m chama a aten\u00e7\u00e3o para as subnotifica\u00e7\u00f5es dos registros dos casos e para o descaso com a seguran\u00e7a do trabalhador.<\/p>\n","protected":false},"excerpt":{"rendered":"<p>O Centro de Refer\u00eancia em Sa\u00fade do Trabalhador (Cerest) promoveu uma visita t\u00e9cnica ao complexo&#8230;<\/p>\n","protected":false},"author":1,"featured_media":0,"comment_status":"closed","ping_status":"closed","sticky":false,"template":"","format":"standard","meta":{"footnotes":""},"categories":[21],"tags":[],"class_list":["post-16421","post","type-post","status-publish","format-standard","hentry","category-saude"],"_links":{"self":[{"href":"https:\/\/www.corumbaonline.com.br\/news\/wp-json\/wp\/v2\/posts\/16421","targetHints":{"allow":["GET"]}}],"collection":[{"href":"https:\/\/www.corumbaonline.com.br\/news\/wp-json\/wp\/v2\/posts"}],"about":[{"href":"https:\/\/www.corumbaonline.com.br\/news\/wp-json\/wp\/v2\/types\/post"}],"author":[{"embeddable":true,"href":"https:\/\/www.corumbaonline.com.br\/news\/wp-json\/wp\/v2\/users\/1"}],"replies":[{"embeddable":true,"href":"https:\/\/www.corumbaonline.com.br\/news\/wp-json\/wp\/v2\/comments?post=16421"}],"version-history":[{"count":1,"href":"https:\/\/www.corumbaonline.com.br\/news\/wp-json\/wp\/v2\/posts\/16421\/revisions"}],"predecessor-version":[{"id":16422,"href":"https:\/\/www.corumbaonline.com.br\/news\/wp-json\/wp\/v2\/posts\/16421\/revisions\/16422"}],"wp:attachment":[{"href":"https:\/\/www.corumbaonline.com.br\/news\/wp-json\/wp\/v2\/media?parent=16421"}],"wp:term":[{"taxonomy":"category","embeddable":true,"href":"https:\/\/www.corumbaonline.com.br\/news\/wp-json\/wp\/v2\/categories?post=16421"},{"taxonomy":"post_tag","embeddable":true,"href":"https:\/\/www.corumbaonline.com.br\/news\/wp-json\/wp\/v2\/tags?post=16421"}],"curies":[{"name":"wp","href":"https:\/\/api.w.org\/{rel}","templated":true}]}}