{"id":16436,"date":"2018-04-23T10:27:57","date_gmt":"2018-04-23T14:27:57","guid":{"rendered":"http:\/\/www.corumbaonline.com.br\/news\/?p=16436"},"modified":"2018-04-23T10:15:37","modified_gmt":"2018-04-23T14:15:37","slug":"municipio-participa-em-cuiaba-de-audiencia-sobre-projeto-de-lei-de-protecao-do-pantanal","status":"publish","type":"post","link":"https:\/\/www.corumbaonline.com.br\/news\/municipio-participa-em-cuiaba-de-audiencia-sobre-projeto-de-lei-de-protecao-do-pantanal\/","title":{"rendered":"Munic\u00edpio participa em Cuiab\u00e1 de audi\u00eancia sobre projeto de Lei de prote\u00e7\u00e3o do Pantanal"},"content":{"rendered":"<p dir=\"ltr\">O Projeto de Lei do Senado (PLS) 750\/2011, que disp\u00f5e sobre a Pol\u00edtica de Gest\u00e3o e Prote\u00e7\u00e3o do Bioma do Pantanal, discutido em audi\u00eancia p\u00fablica em Campo Grande, tamb\u00e9m entra em pauta de discuss\u00e3o na Assembleia Legislativa de Cuiab\u00e1, nesta segunda-feira (23), \u00e0s 9 horas.<\/p>\n<p>&nbsp;<\/p>\n<p dir=\"ltr\">Com a proposta de promover o manejo sustent\u00e1vel no bioma sem comprometer a conserva\u00e7\u00e3o ambiental e as atividades econ\u00f4micas realizadas na regi\u00e3o h\u00e1 270 anos a PL 750 permanece em debate p\u00fablico at\u00e9 o fim de abril, antes de seguir para a pauta da Comiss\u00e3o de Meio Ambiente no Senado Federal.<\/p>\n<p>&nbsp;<\/p>\n<p dir=\"ltr\">O projeto de lei contempla as delibera\u00e7\u00f5es de \u00e1rea de uso restrito, previstas pelo C\u00f3digo Florestal Brasileiro de 2012, que contemplam o bioma Pantanal. \u201cNo C\u00f3digo\u00a0<br class=\"kix-line-break\" \/>Florestal, havia uma men\u00e7\u00e3o \u00e0s \u00e1reas de uso restrito sem muitos detalhes. Com a PL 750, definimos detalhadamente o que \u00e9 o Bioma Pantanal e conseguimos tratar da regi\u00e3o como um todo e, n\u00e3o apenas tratar cada um no seu Estado, localmente\u201d, aponta o representante do Munic\u00edpio e subsecret\u00e1rio de Desenvolvimento Econ\u00f4mico e Sustent\u00e1vel de Corumb\u00e1, Luciano Leite.<\/p>\n<p>&nbsp;<\/p>\n<p dir=\"ltr\">Assim como a Mata Atl\u00e2ntica, o Pantanal \u00e9 reconhecido como Patrim\u00f4nio Nacional pela Constitui\u00e7\u00e3o Federal, com a PL 750 ser\u00e1 poss\u00edvel compatibilizar as legisla\u00e7\u00f5es de Mato Grosso e Mato Grosso do Sul, trazendo o tema para a esfera federal. &#8220;A compatibiliza\u00e7\u00e3o das legisla\u00e7\u00f5es estaduais para o Bioma se faz necess\u00e1ria, criando seguran\u00e7a jur\u00eddica ao agroneg\u00f3cio e garantindo a prote\u00e7\u00e3o do meio ambiente. Assim, \u00e9 poss\u00edvel permanecer a harmonia entre o pantaneiro e o ambiente por mais 270 anos&#8221;, explica a consultora t\u00e9cnica do Senar, Daniele Coelho.<\/p>\n<p>&nbsp;<\/p>\n<p dir=\"ltr\">A atividade pecu\u00e1ria \u00e9 praticada no Pantanal h\u00e1 270, convivendo em harmonia com o meio ambiente. \u201cSomente no munic\u00edpio de Corumb\u00e1 s\u00e3o 2 milh\u00f5es de cabe\u00e7as e, em todo o Pantanal, o rebanho representa 25% do gado do Mato Grosso do Sul. Se voc\u00ea pensar que 90% das terras do Pantanal s\u00e3o privadas, isso faz do pantaneiro o principal elemento na conserva\u00e7\u00e3o do Bioma\u201d, resume Leite.<\/p>\n","protected":false},"excerpt":{"rendered":"<p>O Projeto de Lei do Senado (PLS) 750\/2011, que disp\u00f5e sobre a Pol\u00edtica de Gest\u00e3o&#8230;<\/p>\n","protected":false},"author":1,"featured_media":16437,"comment_status":"closed","ping_status":"closed","sticky":false,"template":"","format":"standard","meta":{"footnotes":""},"categories":[8,17],"tags":[],"class_list":["post-16436","post","type-post","status-publish","format-standard","has-post-thumbnail","hentry","category-destaque","category-meio-ambiente"],"_links":{"self":[{"href":"https:\/\/www.corumbaonline.com.br\/news\/wp-json\/wp\/v2\/posts\/16436","targetHints":{"allow":["GET"]}}],"collection":[{"href":"https:\/\/www.corumbaonline.com.br\/news\/wp-json\/wp\/v2\/posts"}],"about":[{"href":"https:\/\/www.corumbaonline.com.br\/news\/wp-json\/wp\/v2\/types\/post"}],"author":[{"embeddable":true,"href":"https:\/\/www.corumbaonline.com.br\/news\/wp-json\/wp\/v2\/users\/1"}],"replies":[{"embeddable":true,"href":"https:\/\/www.corumbaonline.com.br\/news\/wp-json\/wp\/v2\/comments?post=16436"}],"version-history":[{"count":1,"href":"https:\/\/www.corumbaonline.com.br\/news\/wp-json\/wp\/v2\/posts\/16436\/revisions"}],"predecessor-version":[{"id":16438,"href":"https:\/\/www.corumbaonline.com.br\/news\/wp-json\/wp\/v2\/posts\/16436\/revisions\/16438"}],"wp:featuredmedia":[{"embeddable":true,"href":"https:\/\/www.corumbaonline.com.br\/news\/wp-json\/wp\/v2\/media\/16437"}],"wp:attachment":[{"href":"https:\/\/www.corumbaonline.com.br\/news\/wp-json\/wp\/v2\/media?parent=16436"}],"wp:term":[{"taxonomy":"category","embeddable":true,"href":"https:\/\/www.corumbaonline.com.br\/news\/wp-json\/wp\/v2\/categories?post=16436"},{"taxonomy":"post_tag","embeddable":true,"href":"https:\/\/www.corumbaonline.com.br\/news\/wp-json\/wp\/v2\/tags?post=16436"}],"curies":[{"name":"wp","href":"https:\/\/api.w.org\/{rel}","templated":true}]}}