{"id":16462,"date":"2018-04-23T14:30:52","date_gmt":"2018-04-23T18:30:52","guid":{"rendered":"http:\/\/www.corumbaonline.com.br\/news\/?p=16462"},"modified":"2018-04-23T14:47:47","modified_gmt":"2018-04-23T18:47:47","slug":"cafe-literario-do-sesc-corumba-apresenta-poesia-do-ms-e-suas-contemporaneidades","status":"publish","type":"post","link":"https:\/\/www.corumbaonline.com.br\/news\/cafe-literario-do-sesc-corumba-apresenta-poesia-do-ms-e-suas-contemporaneidades\/","title":{"rendered":"Caf\u00e9 Liter\u00e1rio do Sesc Corumb\u00e1 apresenta \u201cPoesia do MS e suas Contemporaneidades\u201d"},"content":{"rendered":"<p>O Sesc Corumb\u00e1, em seu projeto Caf\u00e9 Liter\u00e1rio, traz nesse m\u00eas de abril muita poesia com participa\u00e7\u00e3o gratuita. O encontro ser\u00e1 no s\u00e1bado dia 28 \u00e0s 19h30 e ter\u00e1 a media\u00e7\u00e3o da professora Joanna Dudand Zwarg da UFMS. O tema escolhido \u201cA poesia do MS e suas Contemporaneidades\u201d, contar\u00e1 com a presen\u00e7a de dois jovens escritores sul-mato-grossenses.<\/p>\n<p>Os convidados da vez ser\u00e3o o letrista S\u00e1 J\u00fanior da Cruz Lopes, natural de Coxim, lan\u00e7ou duas obras \u201cS\u00f3 N\u00e3o Disse\u201d (Arrebol Coletivo, 2013) e \u201cSoubecoisas Sobrecoisas\u201d (Luva Editora, 2017) e o escritor Bruno Gouv\u00eaa, que tem a poesia presente na sua vida, atrav\u00e9s da m\u00fasica popular, seus textos t\u00eam \u00eanfase na cria\u00e7\u00e3o em seu sentido total.<\/p>\n<p>Na programa\u00e7\u00e3o haver\u00e1 um momento de bate-papo, onde os escritores apresentar\u00e3o suas obras e falar\u00e3o sobre processo criativo, literatura, poesia e m\u00fasica.<\/p>\n<p>O Caf\u00e9 Liter\u00e1rio \u00e9 um espa\u00e7o para aproximar o p\u00fablico com a literatura, incentivando a produ\u00e7\u00e3o liter\u00e1ria regional, formando leitores e fomentando a produ\u00e7\u00e3o art\u00edstico-cultural no \u00e2mbito da linguagem liter\u00e1ria.<\/p>\n","protected":false},"excerpt":{"rendered":"<p>O Sesc Corumb\u00e1, em seu projeto Caf\u00e9 Liter\u00e1rio, traz nesse m\u00eas de abril muita poesia&#8230;<\/p>\n","protected":false},"author":1,"featured_media":0,"comment_status":"closed","ping_status":"closed","sticky":false,"template":"","format":"standard","meta":{"footnotes":""},"categories":[7],"tags":[],"class_list":["post-16462","post","type-post","status-publish","format-standard","hentry","category-cultura"],"_links":{"self":[{"href":"https:\/\/www.corumbaonline.com.br\/news\/wp-json\/wp\/v2\/posts\/16462","targetHints":{"allow":["GET"]}}],"collection":[{"href":"https:\/\/www.corumbaonline.com.br\/news\/wp-json\/wp\/v2\/posts"}],"about":[{"href":"https:\/\/www.corumbaonline.com.br\/news\/wp-json\/wp\/v2\/types\/post"}],"author":[{"embeddable":true,"href":"https:\/\/www.corumbaonline.com.br\/news\/wp-json\/wp\/v2\/users\/1"}],"replies":[{"embeddable":true,"href":"https:\/\/www.corumbaonline.com.br\/news\/wp-json\/wp\/v2\/comments?post=16462"}],"version-history":[{"count":1,"href":"https:\/\/www.corumbaonline.com.br\/news\/wp-json\/wp\/v2\/posts\/16462\/revisions"}],"predecessor-version":[{"id":16463,"href":"https:\/\/www.corumbaonline.com.br\/news\/wp-json\/wp\/v2\/posts\/16462\/revisions\/16463"}],"wp:attachment":[{"href":"https:\/\/www.corumbaonline.com.br\/news\/wp-json\/wp\/v2\/media?parent=16462"}],"wp:term":[{"taxonomy":"category","embeddable":true,"href":"https:\/\/www.corumbaonline.com.br\/news\/wp-json\/wp\/v2\/categories?post=16462"},{"taxonomy":"post_tag","embeddable":true,"href":"https:\/\/www.corumbaonline.com.br\/news\/wp-json\/wp\/v2\/tags?post=16462"}],"curies":[{"name":"wp","href":"https:\/\/api.w.org\/{rel}","templated":true}]}}