{"id":16482,"date":"2018-04-23T16:23:22","date_gmt":"2018-04-23T20:23:22","guid":{"rendered":"http:\/\/www.corumbaonline.com.br\/news\/?p=16482"},"modified":"2018-04-23T16:07:24","modified_gmt":"2018-04-23T20:07:24","slug":"projeto-danca-alem-de-palco-comeca-com-apresentacao-na-prefeitura","status":"publish","type":"post","link":"https:\/\/www.corumbaonline.com.br\/news\/projeto-danca-alem-de-palco-comeca-com-apresentacao-na-prefeitura\/","title":{"rendered":"Projeto \u201cDan\u00e7a al\u00e9m de palco\u201d come\u00e7a com apresenta\u00e7\u00e3o na Prefeitura"},"content":{"rendered":"<p>Promovido pela Prefeitura de Corumb\u00e1, por meio da Funda\u00e7\u00e3o da Cultura e do Patrim\u00f4nio Hist\u00f3rico, o projeto \u201cDan\u00e7a al\u00e9m do palco\u201d come\u00e7ou nesta segunda-feira, 23 de abril, com a apresenta\u00e7\u00e3o de sete coreografias no Pa\u00e7o Municipal. \u00a0A atividade celebra o Dia Internacional da Dan\u00e7a, comemorado anualmente em 29 de abril.<\/p>\n<p>&nbsp;<\/p>\n<p>\u201cEssa ser\u00e1 uma semana de muita festividade, principalmente pra quem \u00e9 da \u00e1rea da dan\u00e7a. A Oficina de Dan\u00e7a do Pantanal estar\u00e1 levando ao p\u00fablico que n\u00e3o tem esse acesso as mais variadas formas de estilos e ritmos, sempre valorizando a vida e essa arte t\u00e3o importante\u201d, afirmou o diretor-presidente da Funda\u00e7\u00e3o de Cultura e do Patrim\u00f4nio Hist\u00f3rico de Corumb\u00e1, Joilson Cruz.<\/p>\n<p>&nbsp;<\/p>\n<p>O prefeito Marcelo Iunes acompanhou o in\u00edcio do projeto e destacou a import\u00e2ncia social da Oficina de Dan\u00e7a. Na Prefeitura foram apresentadas as coreografias Pela Luz dos Teus Olhos, da core\u00f3grafa Bruna Castro; Vibe Feel, do core\u00f3grafo Leandro Lincon; Trio Street, solos de Ronaldo, Damiana e Lincon; Retr\u00f4, de Ronaldo Nascimento e Anderson Silvio; Voc\u00ea Abusou de Mim, de Chico Neller; Alfonsina, de Izabelle Paiva; e Quebrando a Banca, de Meire Freitas e Edelton Amorim.<\/p>\n<p>&nbsp;<\/p>\n<p>Participam da atividade professores e alunos da Oficina. \u201cS\u00e3o 17 coreografias que, dependo do local, ser\u00e3o adaptadas. No Centro de Oncologia, por exemplo, ser\u00e1 um espet\u00e1culo diferente, como aconteceu no ano passado. Neste ano tamb\u00e9m inclu\u00edmos o Distrito de Albuquerque\u201d, explicou a coordenadora do projeto, Lucimeire Montenegro de Freitas.<\/p>\n<p>&nbsp;<\/p>\n<p>O encerramento ser\u00e1 no Dia Internacional da Dan\u00e7a, Porto Geral, com v\u00e1rios convidados. \u201cN\u00e3o ser\u00e1 s\u00f3 a Oficina, mas tamb\u00e9m outras escolas e locais que promovem a dan\u00e7a\u201d, concluiu a coordenadora da Oficina de Dan\u00e7a.<\/p>\n<p>&nbsp;<\/p>\n<p><strong>Programa\u00e7\u00e3o<\/strong><\/p>\n<p>&nbsp;<\/p>\n<p>Nesta ter\u00e7a-feira, a a\u00e7\u00e3o ser\u00e1 Centro de Preven\u00e7\u00e3o e Tratamento em Oncologia Dr. Hugo Costa, \u00e0s 8 horas. \u00c0s 10 horas, a apresenta\u00e7\u00e3o acontece na Pediatria do hospital. No per\u00edodo da tarde, \u00e0s 14 horas, a Oficina de Dan\u00e7a estar\u00e1 no Asilo S\u00e3o Jos\u00e9.<\/p>\n<p>&nbsp;<\/p>\n<p>No dia 25, no Centro de Apoio Infanto Juvenil \u2013 CAIJ, as apresenta\u00e7\u00f5es acontecem \u00e0s 9h, 15h e 19 horas. \u00c0s 15 horas, o trabalho ser\u00e1 no Centro de Conviv\u00eancia dos Idosos. Na quinta-feira, s\u00e3o mais duas apresenta\u00e7\u00f5es: na Escola Bar\u00e3o do Rio Branco, \u00e0s 10 horas, e na UNEI, \u00e0s 14 horas.<\/p>\n<p>&nbsp;<\/p>\n<p>No dia 27, \u00e9 a vez do Estabelecimento Penal Feminino de Corumb\u00e1, \u00e0s 8 horas, e no Estabelecimento Penal Masculino, \u00e0s 10 horas. No Distrito de Albuquerque, o \u201cDan\u00e7a al\u00e9m do palco\u201d acontece em Albuquerque. O encerramento ser\u00e1 no domingo, 27, Dia Internacional da Dan\u00e7a, no Porto Geral de Corumb\u00e1, \u00e0s 18 horas.<\/p>\n","protected":false},"excerpt":{"rendered":"<p>Promovido pela Prefeitura de Corumb\u00e1, por meio da Funda\u00e7\u00e3o da Cultura e do Patrim\u00f4nio Hist\u00f3rico,&#8230;<\/p>\n","protected":false},"author":1,"featured_media":16484,"comment_status":"closed","ping_status":"closed","sticky":false,"template":"","format":"standard","meta":{"footnotes":""},"categories":[7],"tags":[],"class_list":["post-16482","post","type-post","status-publish","format-standard","has-post-thumbnail","hentry","category-cultura"],"_links":{"self":[{"href":"https:\/\/www.corumbaonline.com.br\/news\/wp-json\/wp\/v2\/posts\/16482","targetHints":{"allow":["GET"]}}],"collection":[{"href":"https:\/\/www.corumbaonline.com.br\/news\/wp-json\/wp\/v2\/posts"}],"about":[{"href":"https:\/\/www.corumbaonline.com.br\/news\/wp-json\/wp\/v2\/types\/post"}],"author":[{"embeddable":true,"href":"https:\/\/www.corumbaonline.com.br\/news\/wp-json\/wp\/v2\/users\/1"}],"replies":[{"embeddable":true,"href":"https:\/\/www.corumbaonline.com.br\/news\/wp-json\/wp\/v2\/comments?post=16482"}],"version-history":[{"count":1,"href":"https:\/\/www.corumbaonline.com.br\/news\/wp-json\/wp\/v2\/posts\/16482\/revisions"}],"predecessor-version":[{"id":16483,"href":"https:\/\/www.corumbaonline.com.br\/news\/wp-json\/wp\/v2\/posts\/16482\/revisions\/16483"}],"wp:featuredmedia":[{"embeddable":true,"href":"https:\/\/www.corumbaonline.com.br\/news\/wp-json\/wp\/v2\/media\/16484"}],"wp:attachment":[{"href":"https:\/\/www.corumbaonline.com.br\/news\/wp-json\/wp\/v2\/media?parent=16482"}],"wp:term":[{"taxonomy":"category","embeddable":true,"href":"https:\/\/www.corumbaonline.com.br\/news\/wp-json\/wp\/v2\/categories?post=16482"},{"taxonomy":"post_tag","embeddable":true,"href":"https:\/\/www.corumbaonline.com.br\/news\/wp-json\/wp\/v2\/tags?post=16482"}],"curies":[{"name":"wp","href":"https:\/\/api.w.org\/{rel}","templated":true}]}}