{"id":16488,"date":"2018-04-23T16:41:20","date_gmt":"2018-04-23T20:41:20","guid":{"rendered":"http:\/\/www.corumbaonline.com.br\/news\/?p=16488"},"modified":"2018-04-23T16:25:48","modified_gmt":"2018-04-23T20:25:48","slug":"tematica-ambiental-deve-ganhar-destaque-em-campeonatos-da-cbf","status":"publish","type":"post","link":"https:\/\/www.corumbaonline.com.br\/news\/tematica-ambiental-deve-ganhar-destaque-em-campeonatos-da-cbf\/","title":{"rendered":"Tem\u00e1tica ambiental deve ganhar destaque em campeonatos da CBF"},"content":{"rendered":"<p>A experi\u00eancia de ter associado futebol, sustentabilidade e meio ambiente durante a Copa Verde de Futebol \u2013 competi\u00e7\u00e3o que re\u00fane os times profissionais das regi\u00f5es Norte e Centro-Oeste, al\u00e9m do Esp\u00edrito Santo \u2013 poder\u00e1 ser estendida a outros campeonatos nacionais, pela Confedera\u00e7\u00e3o Brasileira de Futebol (CBF). H\u00e1 possibilidades, inclusive, de come\u00e7ar ainda no Campeonato Brasileiro de 2018, caso se confirmem as expectativas manifestadas hoje (23) durante reuni\u00e3o do consultor de sustentabilidade da CBF, Carlos Rodrigues, com os ministros da Educa\u00e7\u00e3o, Rossieli Soares Silva, e do Meio Ambiente, Edson Duarte.<\/p>\n<p>\u201cA Copa Verde \u00e9 um laborat\u00f3rio da CBF no sentido de usar o futebol como educa\u00e7\u00e3o para sustentabilidade. \u00c9 a primeira competi\u00e7\u00e3o de futebol que usa as ferramentas do esporte para a educa\u00e7\u00e3o. Estamos inclusive certificando essa competi\u00e7\u00e3o com a\u00a0Organiza\u00e7\u00e3o Internacional de Normaliza\u00e7\u00e3o\u00a0(ISO 20121) &#8211; entidade de padroniza\u00e7\u00e3o e normatiza\u00e7\u00e3o, criada em Genebra, na Sui\u00e7a, em 1947 -, enquanto evento sustent\u00e1vel\u201d, disse o representante da CBF na reuni\u00e3o.<\/p>\n<p>No caso da Copa Verde &#8211; cujas finais ser\u00e3o disputadas em duas partidas nos dias 25 de abril e 16 de maio, entre o Paysandu\/PA e o Atl\u00e9tico Itapemirim\/ES &#8211; a CBF promoveu uma s\u00e9rie de contribui\u00e7\u00f5es para o meio ambiente, que abrangem desde o uso de madeira certificada para a confec\u00e7\u00e3o do trof\u00e9u, at\u00e9 medidas de compensa\u00e7\u00e3o de carbono. \u201cJ\u00e1 plantamos mais de 6 mil \u00e1rvores para compensar o carbono de toda a competi\u00e7\u00e3o; e os ingressos foram feitos com papel semente. Tem tamb\u00e9m o concurso de reda\u00e7\u00e3o da Copa Verde, que envolve diversas escolas p\u00fablicas municipais\u201d, acrescentou Carlos Rodrigues.<\/p>\n<h2>Educa\u00e7\u00e3o e meio ambiente<\/h2>\n<p>Na avalia\u00e7\u00e3o dos dois ministros que participaram da reuni\u00e3o em Bras\u00edlia, o interesse dos jovens pelo esporte mais popular do mundo poder\u00e1 ser canalizado de forma a despertar, tamb\u00e9m, o interesse pela tem\u00e1tica ambiental. \u201cA ideia \u00e9 aliar educa\u00e7\u00e3o, esporte e meio ambiente. S\u00e3o projetos estrat\u00e9gicos que envolvem exatamente os tr\u00eas minist\u00e9rios dessas \u00e1reas [Educa\u00e7\u00e3o, Meio Ambiente e Esporte], lan\u00e7ando olhar para a atratividade do esporte, agenda social e para a import\u00e2ncia da educa\u00e7\u00e3o e do meio ambiente, de forma a atrair o jovem para uma reflex\u00e3o sobre a tem\u00e1tica ambiental. Queremos que o jovem dentro da escola pense a import\u00e2ncia e enxergue o meio ambiente\u201d, argumentou Rossieli Soares Silva.<\/p>\n<p>Segundo Edson Duarte, a popularidade do esporte faz com que o alcance da iniciativa v\u00e1 al\u00e9m das fronteiras brasileiras. \u201dA Copa Verde repercute internacionalmente por ser o \u00fanico campeonato de futebol no mundo com recorte de sustentabilidade e a\u00e7\u00f5es s\u00f3cioambientais, como \u00e9, por exemplo, o concurso de reda\u00e7\u00e3o. Essa iniciativa reafirma uma pol\u00edtica de aproxima\u00e7\u00e3o de duas agendas importantes para o Brasil: a educa\u00e7\u00e3o e o meio ambiente. N\u00e3o conseguiremos implementar uma pol\u00edtica nacional de meio ambiente sem trabalhar a educa\u00e7\u00e3o\u201d, disse o ministro.<\/p>\n<p>\u201cSa\u00edmos da reuni\u00e3o com a possibilidade de levar \u00e0 CBF a realiza\u00e7\u00e3o de um concurso de reda\u00e7\u00e3o para o Campeonato Brasileiro, com a jun\u00e7\u00e3o de 3 minist\u00e9rios [Educa\u00e7\u00e3o, Meio Ambiente e Esporte], para que, em cada estado, jovens participem com reda\u00e7\u00f5es falando do seu time de futebol preferido. A ideia \u00e9 que essa condecora\u00e7\u00e3o seja entregue no final do ano, no mesmo evento de premia\u00e7\u00e3o do campeonato\u201d, acrescentou o representante da CBF.<\/p>\n<p>Segundo ele, as pr\u00f3ximas reuni\u00f5es com os dirigentes da entidade m\u00e1xima do futebol brasileiro definir\u00e3o se h\u00e1 tempo h\u00e1bil para implementar as medidas neste ano, uma vez que o campeonato j\u00e1 come\u00e7ou. \u201cGeralmente a gente n\u00e3o faz coisa com o campeonato no seu in\u00edcio, mas como a ideia \u00e9 importante e envolve tr\u00eas minist\u00e9rios, vamos levar para a CBF, para que seja analisado\u201d, disse Rodrigues.<\/p>\n","protected":false},"excerpt":{"rendered":"<p>A experi\u00eancia de ter associado futebol, sustentabilidade e meio ambiente durante a Copa Verde de&#8230;<\/p>\n","protected":false},"author":1,"featured_media":0,"comment_status":"closed","ping_status":"closed","sticky":false,"template":"","format":"standard","meta":{"footnotes":""},"categories":[11,17],"tags":[],"class_list":["post-16488","post","type-post","status-publish","format-standard","hentry","category-esporte","category-meio-ambiente"],"_links":{"self":[{"href":"https:\/\/www.corumbaonline.com.br\/news\/wp-json\/wp\/v2\/posts\/16488","targetHints":{"allow":["GET"]}}],"collection":[{"href":"https:\/\/www.corumbaonline.com.br\/news\/wp-json\/wp\/v2\/posts"}],"about":[{"href":"https:\/\/www.corumbaonline.com.br\/news\/wp-json\/wp\/v2\/types\/post"}],"author":[{"embeddable":true,"href":"https:\/\/www.corumbaonline.com.br\/news\/wp-json\/wp\/v2\/users\/1"}],"replies":[{"embeddable":true,"href":"https:\/\/www.corumbaonline.com.br\/news\/wp-json\/wp\/v2\/comments?post=16488"}],"version-history":[{"count":1,"href":"https:\/\/www.corumbaonline.com.br\/news\/wp-json\/wp\/v2\/posts\/16488\/revisions"}],"predecessor-version":[{"id":16489,"href":"https:\/\/www.corumbaonline.com.br\/news\/wp-json\/wp\/v2\/posts\/16488\/revisions\/16489"}],"wp:attachment":[{"href":"https:\/\/www.corumbaonline.com.br\/news\/wp-json\/wp\/v2\/media?parent=16488"}],"wp:term":[{"taxonomy":"category","embeddable":true,"href":"https:\/\/www.corumbaonline.com.br\/news\/wp-json\/wp\/v2\/categories?post=16488"},{"taxonomy":"post_tag","embeddable":true,"href":"https:\/\/www.corumbaonline.com.br\/news\/wp-json\/wp\/v2\/tags?post=16488"}],"curies":[{"name":"wp","href":"https:\/\/api.w.org\/{rel}","templated":true}]}}