{"id":16524,"date":"2018-04-24T11:13:13","date_gmt":"2018-04-24T15:13:13","guid":{"rendered":"http:\/\/www.corumbaonline.com.br\/news\/?p=16524"},"modified":"2018-04-24T11:16:28","modified_gmt":"2018-04-24T15:16:28","slug":"2o-encontro-de-dancas-urbanas-da-juventude-acontece-dia-27-no-cristo-2","status":"publish","type":"post","link":"https:\/\/www.corumbaonline.com.br\/news\/2o-encontro-de-dancas-urbanas-da-juventude-acontece-dia-27-no-cristo-2\/","title":{"rendered":"2\u00ba Encontro de Dan\u00e7as Urbanas da Juventude acontece dia 27, no Cristo"},"content":{"rendered":"<p>Promovido pela Prefeitura de Corumb\u00e1, por meio da Secretaria Especial de Cidadania e Direitos Humanos, o 2\u00ba Encontro de Dan\u00e7as Urbanas da Juventude acontece no pr\u00f3ximo dia 27 de abril no Gin\u00e1sio Poliesportivo da Escola Municipal Jos\u00e9 de Souza Damy, no bairro Cristo Redentor.<\/p>\n<p>&nbsp;<\/p>\n<p>O evento, que \u00e9 coordenado pela Coordenadoria de Pol\u00edticas para a Juventude, tem o objetivo de incentivar e fomentar a dan\u00e7a de rua de Corumb\u00e1, Lad\u00e1rio e da Bol\u00edvia, al\u00e9m de agregar \u00e0 juventude a possibilidade \u00a0de expressar e prestigiar as variadas linguagens, formas e t\u00e9cnicas do Street Dance.<\/p>\n<p>&nbsp;<\/p>\n<p>Neste ano, o encontro ter\u00e1 um formato diferente: ser\u00e1 realizada uma competi\u00e7\u00e3o entre grupos, trio, duo e solo. \u201cEsperamos receber coreografias que apresentem uma proposta criativa e c\u00eanica. \u00c9 de livre escolha usar um caminho entre outras dan\u00e7as, mas a linguagem principal deve ser o Hip-hop e estilos correlatos\u201d, explicou o coordenador de Pol\u00edticas para a Juventude, Diego Coelho. O sorteio da ordem de apresenta\u00e7\u00e3o acontece no dia 25. Cada dan\u00e7a deve ter no m\u00ednimo 3 minutos e no m\u00e1ximo 5 minutos de dura\u00e7\u00e3o.<\/p>\n<p>&nbsp;<\/p>\n<p>A comiss\u00e3o julgadora ser\u00e1 formada por convidados de Campo Grande e de Corumb\u00e1. O 2\u00ba Encontro de Dan\u00e7as Urbanas da Juventude come\u00e7a \u00e0s 18h30, com a apresenta\u00e7\u00e3o da banda musical Imigrantes de Marte.<\/p>\n","protected":false},"excerpt":{"rendered":"<p>Promovido pela Prefeitura de Corumb\u00e1, por meio da Secretaria Especial de Cidadania e Direitos Humanos,&#8230;<\/p>\n","protected":false},"author":1,"featured_media":16525,"comment_status":"closed","ping_status":"closed","sticky":false,"template":"","format":"standard","meta":{"footnotes":""},"categories":[7],"tags":[],"class_list":["post-16524","post","type-post","status-publish","format-standard","has-post-thumbnail","hentry","category-cultura"],"_links":{"self":[{"href":"https:\/\/www.corumbaonline.com.br\/news\/wp-json\/wp\/v2\/posts\/16524","targetHints":{"allow":["GET"]}}],"collection":[{"href":"https:\/\/www.corumbaonline.com.br\/news\/wp-json\/wp\/v2\/posts"}],"about":[{"href":"https:\/\/www.corumbaonline.com.br\/news\/wp-json\/wp\/v2\/types\/post"}],"author":[{"embeddable":true,"href":"https:\/\/www.corumbaonline.com.br\/news\/wp-json\/wp\/v2\/users\/1"}],"replies":[{"embeddable":true,"href":"https:\/\/www.corumbaonline.com.br\/news\/wp-json\/wp\/v2\/comments?post=16524"}],"version-history":[{"count":1,"href":"https:\/\/www.corumbaonline.com.br\/news\/wp-json\/wp\/v2\/posts\/16524\/revisions"}],"predecessor-version":[{"id":16526,"href":"https:\/\/www.corumbaonline.com.br\/news\/wp-json\/wp\/v2\/posts\/16524\/revisions\/16526"}],"wp:featuredmedia":[{"embeddable":true,"href":"https:\/\/www.corumbaonline.com.br\/news\/wp-json\/wp\/v2\/media\/16525"}],"wp:attachment":[{"href":"https:\/\/www.corumbaonline.com.br\/news\/wp-json\/wp\/v2\/media?parent=16524"}],"wp:term":[{"taxonomy":"category","embeddable":true,"href":"https:\/\/www.corumbaonline.com.br\/news\/wp-json\/wp\/v2\/categories?post=16524"},{"taxonomy":"post_tag","embeddable":true,"href":"https:\/\/www.corumbaonline.com.br\/news\/wp-json\/wp\/v2\/tags?post=16524"}],"curies":[{"name":"wp","href":"https:\/\/api.w.org\/{rel}","templated":true}]}}