{"id":16533,"date":"2018-04-24T17:00:27","date_gmt":"2018-04-24T21:00:27","guid":{"rendered":"http:\/\/www.corumbaonline.com.br\/news\/?p=16533"},"modified":"2018-04-24T17:09:05","modified_gmt":"2018-04-24T21:09:05","slug":"aneel-mantem-valores-cobrados-por-acionamento-das-bandeiras-tarifarias","status":"publish","type":"post","link":"https:\/\/www.corumbaonline.com.br\/news\/aneel-mantem-valores-cobrados-por-acionamento-das-bandeiras-tarifarias\/","title":{"rendered":"Aneel mant\u00e9m valores cobrados por acionamento das bandeiras tarif\u00e1rias"},"content":{"rendered":"<p>A Ag\u00eancia Nacional de Energia El\u00e9trica (Aneel) decidiu hoje (24) manter os valores atualmente cobrados dos consumidores pelas bandeira tarif\u00e1rias nas contas de energia. Em novembro do ano passado, a ag\u00eancia determinou que o adicional nas contas de luz a ser pago a partir do acionamento da bandeira amarela ser\u00e1 de R$ 1 para cada 100 quilowatt-hora (kWh) consumidos. Na bandeira vermelha no patamar 1, o adicional \u00e9 de R$ 3. J\u00e1 a bandeira vermelha no patamar 2, a taxa cobrada \u00e9 de R$ 5 a cada 100 kWh consumidos. Na verde, n\u00e3o h\u00e1 cobran\u00e7a adicional.<\/p>\n<p>As bandeiras tarif\u00e1rias s\u00e3o acionadas sempre que h\u00e1 necessidade de recompor os gastos extras com a utiliza\u00e7\u00e3o de energia gerada por meio de usinas termel\u00e9tricas, mais cara do que a gerada nas hidrel\u00e9tricas. Isso ocorre quando h\u00e1 pouca chuva, o que prejudica o n\u00edvel dos reservat\u00f3rios e funcionamento das hidrel\u00e9tricas.<\/p>\n<div class=\"dnd-widget-wrapper context-cheio_8colunas type-image\">\n<div class=\"dnd-atom-rendered\">\n<figure class=\"mejs-fotoh-wrapper\"><img decoding=\"async\" class=\"img-responsive full full\" title=\"Pesquisa da Firjan aponta crescimento do custo m\u00e9dio da energia el\u00e9trica para o setor da ind\u00fastria\/ABR\" src=\"http:\/\/imagens.ebc.com.br\/7hiaio0UxG41lt4jXNTTwo3GmuQ=\/754x0\/smart\/http:\/\/agenciabrasil.ebc.com.br\/sites\/default\/files\/atoms\/image\/energia_capa_030215_4.jpg?itok=A_BaiDV2\" alt=\"Pesquisa da Firjan aponta crescimento do custo m\u00e9dio da energia el\u00e9trica para o setor da ind\u00fastria\" \/><\/figure>\n<\/div>\n<div class=\"dnd-caption-wrapper\">\n<div class=\"meta\">A Aneel dilvugar\u00e1 na sexta-feira a bandeira que ser\u00e1 aplicada em maio &#8211; Arquivo\/ABr<\/div>\n<\/div>\n<\/div>\n<p>Na reuni\u00e3o desta ter\u00e7a-feira, a Aneel decidiu ainda que a atualiza\u00e7\u00e3o anual dos valores cobrados em cada bandeira ser\u00e1 feita ao fim do per\u00edodo chuvoso, para vigorar a partir de maio de cada ano. Atualmente, o valor das bandeiras \u00e9 definido no final do ano, com aplica\u00e7\u00e3o em janeiro do ano seguinte. A inten\u00e7\u00e3o \u00e9 evitar aplicar a bandeira sem ter a perspectiva do volume de armazenamento dos reservat\u00f3rios das hidrel\u00e9tricas.<\/p>\n<p>A divulga\u00e7\u00e3o da bandeira tarif\u00e1ria \u00e9 feita mensalmente pela Aneel. Nos quatro primeiros meses do ano vigorou a bandeira verde. Na sexta-feira (27), a ag\u00eancia deve divulgar a bandeira tarif\u00e1ria de maio.<\/p>\n<h2>Bandeiras tarif\u00e1rias<\/h2>\n<p>As bandeiras tarif\u00e1rias foram institu\u00eddas pela Aneel em 2005. Em 2013 e 2014, o sistema funcionou apenas com car\u00e1ter informativo, n\u00e3o resultando em nenhum acr\u00e9scimo \u00e0 tarifa do consumidor. A cobran\u00e7a extra come\u00e7ou a vigorar em 201 e, de acordo com a ag\u00eancia reguladora, a finalidade \u00e9 sinalizar aos consumidores os custos reais da gera\u00e7\u00e3o de energia el\u00e9trica e assim estimular a economia.<\/p>\n<p>O sistema de bandeiras tarif\u00e1rias chegou a ser debatido no<a href=\"http:\/\/agenciabrasil.ebc.com.br\/economia\/noticia\/2018-03\/bandeiras-tarifarias-nao-cumprem-objetivo-de-reduzir-consumo-diz-tcu\" target=\"_blank\" rel=\"noopener noreferrer\">\u00a0Tribunal de Contas da Uni\u00e3o (TCU)<\/a>, que constatou, ap\u00f3s auditoria, que ele n\u00e3o cumpre o objetivo de auxiliar os consumidores a entender o custo da eletricidade e a economizar energia.\u00a0 Em raz\u00e3o disso, o tribunal determinou em mar\u00e7o que o Minist\u00e9rio de Minas e Energia (MME) e a Aneel promovam, em 180 dias, o realinhamento do sistema \u00e0s reais metas pretendidas<\/p>\n","protected":false},"excerpt":{"rendered":"<p>A Ag\u00eancia Nacional de Energia El\u00e9trica (Aneel) decidiu hoje (24) manter os valores atualmente cobrados&#8230;<\/p>\n","protected":false},"author":1,"featured_media":0,"comment_status":"closed","ping_status":"closed","sticky":false,"template":"","format":"standard","meta":{"footnotes":""},"categories":[9],"tags":[],"class_list":["post-16533","post","type-post","status-publish","format-standard","hentry","category-economia"],"_links":{"self":[{"href":"https:\/\/www.corumbaonline.com.br\/news\/wp-json\/wp\/v2\/posts\/16533","targetHints":{"allow":["GET"]}}],"collection":[{"href":"https:\/\/www.corumbaonline.com.br\/news\/wp-json\/wp\/v2\/posts"}],"about":[{"href":"https:\/\/www.corumbaonline.com.br\/news\/wp-json\/wp\/v2\/types\/post"}],"author":[{"embeddable":true,"href":"https:\/\/www.corumbaonline.com.br\/news\/wp-json\/wp\/v2\/users\/1"}],"replies":[{"embeddable":true,"href":"https:\/\/www.corumbaonline.com.br\/news\/wp-json\/wp\/v2\/comments?post=16533"}],"version-history":[{"count":1,"href":"https:\/\/www.corumbaonline.com.br\/news\/wp-json\/wp\/v2\/posts\/16533\/revisions"}],"predecessor-version":[{"id":16534,"href":"https:\/\/www.corumbaonline.com.br\/news\/wp-json\/wp\/v2\/posts\/16533\/revisions\/16534"}],"wp:attachment":[{"href":"https:\/\/www.corumbaonline.com.br\/news\/wp-json\/wp\/v2\/media?parent=16533"}],"wp:term":[{"taxonomy":"category","embeddable":true,"href":"https:\/\/www.corumbaonline.com.br\/news\/wp-json\/wp\/v2\/categories?post=16533"},{"taxonomy":"post_tag","embeddable":true,"href":"https:\/\/www.corumbaonline.com.br\/news\/wp-json\/wp\/v2\/tags?post=16533"}],"curies":[{"name":"wp","href":"https:\/\/api.w.org\/{rel}","templated":true}]}}