{"id":16538,"date":"2018-04-24T17:37:22","date_gmt":"2018-04-24T21:37:22","guid":{"rendered":"http:\/\/www.corumbaonline.com.br\/news\/?p=16538"},"modified":"2018-04-24T17:37:22","modified_gmt":"2018-04-24T21:37:22","slug":"vacinacao-e-forma-de-prevencao-contra-o-tipo-mais-perigoso-de-meningite","status":"publish","type":"post","link":"https:\/\/www.corumbaonline.com.br\/news\/vacinacao-e-forma-de-prevencao-contra-o-tipo-mais-perigoso-de-meningite\/","title":{"rendered":"Vacina\u00e7\u00e3o \u00e9 forma de preven\u00e7\u00e3o contra o tipo mais perigoso de meningite"},"content":{"rendered":"<p>O Dia Mundial de Combate \u00e0 Meningite, 24 de abril, foi estabelecido para alertar a sociedade sobre a doen\u00e7a e suas formas de preven\u00e7\u00e3o. O Minist\u00e9rio da Sa\u00fade oferece a crian\u00e7as e adolescentes vacina\u00e7\u00e3o contra a forma mais perigosa da doen\u00e7a, que \u00e9 a meningoc\u00f3cica, causada pelo meningococo, bact\u00e9ria muitas vezes fatal. Com sintomas parecidos com os da gripe, pacientes precisam ficar atentos e buscar ajuda m\u00e9dica o mais r\u00e1pido poss\u00edvel.<\/p>\n<p>&nbsp;<\/p>\n<p>\u201cA meningite \u00e9 a inflama\u00e7\u00e3o da meninge, membrana que recobre o c\u00e9rebro e o protege. A meninge est\u00e1 sujeita a v\u00e1rios tipos de infec\u00e7\u00e3o como alergias e hemorragias. As meningites infecciosas podem ser bacterianas, virais ou f\u00fangicas. Geralmente, quando falamos que algu\u00e9m est\u00e1 com meningite \u00e9 a bacteriana, que \u00e9 a mais grave e mais s\u00e9ria. No entanto, o maior n\u00famero de casos de meningite \u00e9 viral, como se fosse uma gripe, mas que inflama as meninges\u201d, explicou o Dr. Emerson Moreira, m\u00e9dico coordenador do Pronto-Socorro e UPA.<\/p>\n<p>&nbsp;<\/p>\n<p>Conforme ele, a doen\u00e7a, seja ela viral ou bacteriana, se transmite atrav\u00e9s do contato direto por meio de got\u00edculas de saliva ou espirro. Alguns tipos de meningites s\u00e3o preven\u00edveis com vacinas. A mais grave que pode ocasionar epidemias \u00e9 a meningoc\u00f3cica. A vacina contra essa doen\u00e7a se chama Meningoc\u00f3cica C e deve ser aplicada aos tr\u00eas meses de vida da crian\u00e7a, depois aos cinco meses e a terceira com um ano de idade.<\/p>\n<p>&nbsp;<\/p>\n<p>O Governo Federal abriu refor\u00e7o contra a doen\u00e7a para adolescentes entre 11 e 13 anos, imuniza\u00e7\u00e3o geralmente feita juntamente com a vacina contra o HPV. Somente em caso de surto de meningite \u00e9 que a vacina \u00e9 liberada para o restante da popula\u00e7\u00e3o. Em Corumb\u00e1, a vacina\u00e7\u00e3o do p\u00fablico-alvo chegou aos 70% no m\u00eas de mar\u00e7o, quando houve a campanha de imuniza\u00e7\u00e3o contra HPV e meningite estabelecida pelo Governo Federal.<\/p>\n<p>&nbsp;<\/p>\n<p>Os sintomas cl\u00e1ssicos da meningite s\u00e3o febre alta, dor de cabe\u00e7a, v\u00f4mito e rigidez da nuca que dificulta encostar o queixo no peito, pode ocasionar confus\u00e3o mental, intoler\u00e2ncia \u00e0 luz e ru\u00eddo, cansa\u00e7o excessivo e pode haver manchar na pele. No beb\u00ea, os sintomas s\u00e3o febre alta, irritabilidade ou sonol\u00eancia, choro agudo, podendo haver convuls\u00f5es e a moleira pode tornar-se tensa ou estufada.<\/p>\n<p>&nbsp;<\/p>\n<p>Em Corumb\u00e1, uma pessoa com os sintomas da doen\u00e7a pode procurar atendimento m\u00e9dico no pronto-socorro ou na UPA. Caso o m\u00e9dico suspeite que o caso se trate de meningite, ele realiza exame onde um l\u00edquido \u00e9 retirado da espinha e avaliado. A coleta para exame \u00e9 feito na pr\u00f3pria cidade e o diagn\u00f3stico tamb\u00e9m.<\/p>\n<p>&nbsp;<\/p>\n<p>\u201cH\u00e1 poucos casos de meningite em Corumb\u00e1 porque temos uma boa cobertura vacinal. A preven\u00e7\u00e3o \u00e9 a vacina, evitar aglomera\u00e7\u00f5es e refor\u00e7ar os bons h\u00e1bitos de higiene. Lembrando que todas as meningites podem levar \u00e0 morte, mas a que mais pode ser fatal e deixar sequelas \u00e9 a bacteriana. As sequelas variam de surdez, problema psicomotor, dificuldade de cogni\u00e7\u00e3o, entre outros\u201d, afirmou Dr. Emerson Moreira.<\/p>\n<p>&nbsp;<\/p>\n<p>Conforme o site\u00a0<em>Tua Sa\u00fade<\/em>, especializado em informa\u00e7\u00f5es da sa\u00fade, o tratamento para a meningite\u00a0depende da\u00a0sua causa, podendo ser tratada com antibi\u00f3ticos, antivirais ou corticoides em meio hospitalar. Dependendo da gravidade da doen\u00e7a, o paciente pode ser mantido na Unidade de Terapia Intensiva. O tratamento deve ser iniciado prontamente para diminuir o risco de complica\u00e7\u00f5es com tempo de dura\u00e7\u00e3o de aproximadamente 5 a 10 dias, e nas\u00a0primeiras 24 horas do tratamento, o indiv\u00edduo deve ser isolado para evitar a transmiss\u00e3o da doen\u00e7a para outros.\u00a0\u00c9 importante a vigil\u00e2ncia dos seus contatos por um per\u00edodo m\u00ednimo de 10 dias.<\/p>\n","protected":false},"excerpt":{"rendered":"<p>O Dia Mundial de Combate \u00e0 Meningite, 24 de abril, foi estabelecido para alertar a&#8230;<\/p>\n","protected":false},"author":1,"featured_media":16539,"comment_status":"closed","ping_status":"closed","sticky":false,"template":"","format":"standard","meta":{"footnotes":""},"categories":[21],"tags":[],"class_list":["post-16538","post","type-post","status-publish","format-standard","has-post-thumbnail","hentry","category-saude"],"_links":{"self":[{"href":"https:\/\/www.corumbaonline.com.br\/news\/wp-json\/wp\/v2\/posts\/16538","targetHints":{"allow":["GET"]}}],"collection":[{"href":"https:\/\/www.corumbaonline.com.br\/news\/wp-json\/wp\/v2\/posts"}],"about":[{"href":"https:\/\/www.corumbaonline.com.br\/news\/wp-json\/wp\/v2\/types\/post"}],"author":[{"embeddable":true,"href":"https:\/\/www.corumbaonline.com.br\/news\/wp-json\/wp\/v2\/users\/1"}],"replies":[{"embeddable":true,"href":"https:\/\/www.corumbaonline.com.br\/news\/wp-json\/wp\/v2\/comments?post=16538"}],"version-history":[{"count":1,"href":"https:\/\/www.corumbaonline.com.br\/news\/wp-json\/wp\/v2\/posts\/16538\/revisions"}],"predecessor-version":[{"id":16540,"href":"https:\/\/www.corumbaonline.com.br\/news\/wp-json\/wp\/v2\/posts\/16538\/revisions\/16540"}],"wp:featuredmedia":[{"embeddable":true,"href":"https:\/\/www.corumbaonline.com.br\/news\/wp-json\/wp\/v2\/media\/16539"}],"wp:attachment":[{"href":"https:\/\/www.corumbaonline.com.br\/news\/wp-json\/wp\/v2\/media?parent=16538"}],"wp:term":[{"taxonomy":"category","embeddable":true,"href":"https:\/\/www.corumbaonline.com.br\/news\/wp-json\/wp\/v2\/categories?post=16538"},{"taxonomy":"post_tag","embeddable":true,"href":"https:\/\/www.corumbaonline.com.br\/news\/wp-json\/wp\/v2\/tags?post=16538"}],"curies":[{"name":"wp","href":"https:\/\/api.w.org\/{rel}","templated":true}]}}