{"id":16572,"date":"2018-04-25T10:30:14","date_gmt":"2018-04-25T14:30:14","guid":{"rendered":"http:\/\/www.corumbaonline.com.br\/news\/?p=16572"},"modified":"2018-04-25T10:34:54","modified_gmt":"2018-04-25T14:34:54","slug":"tv-colombiana-realiza-serie-de-reportagens-no-pantanal","status":"publish","type":"post","link":"https:\/\/www.corumbaonline.com.br\/news\/tv-colombiana-realiza-serie-de-reportagens-no-pantanal\/","title":{"rendered":"TV Colombiana realiza s\u00e9rie de reportagens no Pantanal"},"content":{"rendered":"<p>Entre os dias 12 e 17 de abril, uma equipe da TV Agro da Col\u00f4mbia, composta pelo jornalista Santiago Arias e pelo Cinegrafista Sergio Guerra, esteve percorrendo o Mato Grosso do Sul para a realiza\u00e7\u00e3o de uma s\u00e9rie de reportagens com enfoque nas pesquisas desenvolvidas pela Embrapa Pantanal junto aos parceiros da institui\u00e7\u00e3o na regi\u00e3o Pantaneira.<\/p>\n<p>Acompanhados por pesquisadores e por uma jornalista da Unidade de Corumb\u00e1, a equipe de TV \u00a0visitou 3 propriedades rurais e 1 lote do Assentamento Rural pertencentes a parceiros da Embrapa, al\u00e9m da regi\u00e3o ribeirinha da Codrasa &#8211; Lad\u00e1rio, Porto Geral de Corumb\u00e1, entre outros locais, afim de realizar as grava\u00e7\u00f5es de imagens e entrevistas sobre os seguintes temas de pesquisa desenvolvidos na regi\u00e3o: Apicultura; Cavalo Pantaneiro;\u00a0 Moringa e feno para alimenta\u00e7\u00e3o do gado na seca; Monitoramento da Cheia no Pantanal; Criapanta; Iscas e Pesca, e Bovino Pantaneiro.<\/p>\n<p><strong>Grava\u00e7\u00f5es em SP, RJ, MS, RS e MG<\/strong><\/p>\n<p>Segundo o jornalista da emissora Colombiana, Santiago Arias, esta viagem tem como objetivo explorar temas de pesquisa em agricultura e pecu\u00e1ria desenvolvidas no Brasil: \u201cestamos viajando pelo Brasil desde o in\u00edcio de abril, e j\u00e1 percorremos, al\u00e9m do Pantanal, os estados de S\u00e3o Paulo &#8211; onde realizamos reportagens nas Unidades da Embrapa \u201cPecu\u00e1ria Sudeste\u201d e \u201cInstrumenta\u00e7\u00e3o\u201d, ambas situadas na cidade de S\u00e3o Carlos &#8211; \u00a0e Rio de Janeiro, registrando algumas pesquisas na Unidade \u201cSolos\u201d, localizada na capital fluminense. Em Corumb\u00e1 encerramos as filmagens com a Embrapa, mas o roteiro no pa\u00eds continua: passaremos pelo Rio Grande do Sul e depois finalizamos as grava\u00e7\u00f5es em Minas Gerais, totalizando 36 dias de viagem\u201d, detalhou Santiago.<\/p>\n<p>\u201cPoder conhecer mais e registrar, por meio de mat\u00e9rias de TV, o trabalho desenvolvido pela Embrapa no Brasil e compartilhar estas tecnologias, muitas vezes simples e de f\u00e1cil aplica\u00e7\u00e3o, com os produtores rurais da Col\u00f4mbia e de outros pa\u00edses \u00e9 muito gratificante, pois auxiliamos assim a melhoria da produ\u00e7\u00e3o no campo, mostrando exemplos de produ\u00e7\u00e3o de alimentos em diferentes condi\u00e7\u00f5es de clima e relevo, com menor custo e mais qualidade\u201d, concluiu o jornalista.<\/p>\n<p>O cinegrafista S\u00e9rgio Guerra conta que ficou muito impressionado com o Pantanal: \u201cuma coisa \u00e9 quando te falam do Pantanal, outra \u00e9 estar aqui. Antes de viajar olhamos no mapa a dist\u00e2ncia que iriamos percorrer at\u00e9 Corumb\u00e1, que est\u00e1 muito distante da cidade em que vivemos, Medell\u00edn, e digo que valeu a pena cada quilometro rodado. Temos visto muitas paisagens bonitas, gente simp\u00e1tica e disposta a colaborar com o nosso trabalho. Tenho certeza que o que ficar\u00e1 n\u00e3o s\u00e3o apenas as imagens que gravo com a c\u00e2mera mas sim as que vou levar na minha mente e no cora\u00e7\u00e3o. A regi\u00e3o como um todo, a fauna, as paisagens e o entardecer na regi\u00e3o pantaneira, que \u00e9 particularmente espetacular, v\u00e3o ficar marcados na minha mem\u00f3ria pra sempre\u201d relatou S\u00e9rgio.<\/p>\n<p>O Chefe Geral da Embrapa Pantanal Jorge Ferreira de Lara avalia esta visita como uma oportunidade de mostrar o Pantanal, o trabalho das pessoas que nele vivem e, neste contexto, a Embrapa tamb\u00e9m se apresentar como um dos autores em busca das solu\u00e7\u00f5es tecnol\u00f3gicas para regi\u00e3o. \u201cNo caso especifico, por se tratar de uma emissora internacional, acredito ser esta uma chance para que mais pessoas conhe\u00e7am o que \u00e9 feito no Brasil e, ao mesmo tempo, integrar nossos povos. A Embrapa possui uma pol\u00edtica de alcance internacional e a Unidade de Corumb\u00e1, por sua posi\u00e7\u00e3o geogr\u00e1fica, tem procurado estar pr\u00f3xima da Bol\u00edvia, mais recentemente tamb\u00e9m do Paraguai e agora, com a visita da equipe da TV Agro, da Col\u00f4mbia, afim de assim transferir as tecnologias que n\u00f3s disponibilizamos para pessoas de locais mais distantes. Por meio das trocas de experi\u00eancias a Am\u00e9rica do Sul tem a oportunidade de se tornar mais integrada e forte\u201d, concluiu Jorge.<\/p>\n<p><strong>TV com programa\u00e7\u00e3o dedicada ao campo<\/strong><\/p>\n<p>Santiago explica que TV Agro \u00e9 um canal de televis\u00e3o privado e internacional, com sua sede na cidade de Medell\u00edn, Col\u00f4mbia, e que apresenta uma programa\u00e7\u00e3o especializada em temas relativos ao setor agr\u00edcola, visando a responsabilidade social e respeito ao meio ambiente, transmitida para mais de 20 pa\u00edses da Am\u00e9rica Latina, estando presente tamb\u00e9m nos Estados Unidos e alguns locais na Europa. As reportagens especiais tamb\u00e9m podem ser acessadas no canal da TV Agro no youtube: https:\/\/www.youtube.com\/user\/juangangelr<\/p>\n","protected":false},"excerpt":{"rendered":"<p>Entre os dias 12 e 17 de abril, uma equipe da TV Agro da Col\u00f4mbia,&#8230;<\/p>\n","protected":false},"author":1,"featured_media":16573,"comment_status":"closed","ping_status":"closed","sticky":false,"template":"","format":"standard","meta":{"footnotes":""},"categories":[2],"tags":[],"class_list":["post-16572","post","type-post","status-publish","format-standard","has-post-thumbnail","hentry","category-agropecuaria"],"_links":{"self":[{"href":"https:\/\/www.corumbaonline.com.br\/news\/wp-json\/wp\/v2\/posts\/16572","targetHints":{"allow":["GET"]}}],"collection":[{"href":"https:\/\/www.corumbaonline.com.br\/news\/wp-json\/wp\/v2\/posts"}],"about":[{"href":"https:\/\/www.corumbaonline.com.br\/news\/wp-json\/wp\/v2\/types\/post"}],"author":[{"embeddable":true,"href":"https:\/\/www.corumbaonline.com.br\/news\/wp-json\/wp\/v2\/users\/1"}],"replies":[{"embeddable":true,"href":"https:\/\/www.corumbaonline.com.br\/news\/wp-json\/wp\/v2\/comments?post=16572"}],"version-history":[{"count":1,"href":"https:\/\/www.corumbaonline.com.br\/news\/wp-json\/wp\/v2\/posts\/16572\/revisions"}],"predecessor-version":[{"id":16574,"href":"https:\/\/www.corumbaonline.com.br\/news\/wp-json\/wp\/v2\/posts\/16572\/revisions\/16574"}],"wp:featuredmedia":[{"embeddable":true,"href":"https:\/\/www.corumbaonline.com.br\/news\/wp-json\/wp\/v2\/media\/16573"}],"wp:attachment":[{"href":"https:\/\/www.corumbaonline.com.br\/news\/wp-json\/wp\/v2\/media?parent=16572"}],"wp:term":[{"taxonomy":"category","embeddable":true,"href":"https:\/\/www.corumbaonline.com.br\/news\/wp-json\/wp\/v2\/categories?post=16572"},{"taxonomy":"post_tag","embeddable":true,"href":"https:\/\/www.corumbaonline.com.br\/news\/wp-json\/wp\/v2\/tags?post=16572"}],"curies":[{"name":"wp","href":"https:\/\/api.w.org\/{rel}","templated":true}]}}