{"id":16598,"date":"2018-04-26T08:41:05","date_gmt":"2018-04-26T12:41:05","guid":{"rendered":"http:\/\/www.corumbaonline.com.br\/news\/?p=16598"},"modified":"2018-04-26T08:57:39","modified_gmt":"2018-04-26T12:57:39","slug":"2o-encontro-de-dancas-urbanas-da-juventude-acontece-nesta-sexta-feira","status":"publish","type":"post","link":"https:\/\/www.corumbaonline.com.br\/news\/2o-encontro-de-dancas-urbanas-da-juventude-acontece-nesta-sexta-feira\/","title":{"rendered":"2\u00ba Encontro de Dan\u00e7as Urbanas da Juventude acontece nesta sexta-feira"},"content":{"rendered":"<p>Promovido pela Prefeitura de Corumb\u00e1, por meio da Secretaria Especial de Cidadania e Direitos Humanos, o 2\u00ba Encontro de Dan\u00e7as Urbanas da Juventude acontece nesta sexta-feira, 27 de abril, no Gin\u00e1sio Poliesportivo da Escola Municipal Jos\u00e9 de Souza Damy, no bairro Cristo Redentor.<\/p>\n<p>&nbsp;<\/p>\n<p>O evento, que \u00e9 coordenado pela Coordenadoria de Pol\u00edticas para a Juventude, tem o objetivo de incentivar e fomentar a dan\u00e7a de rua de Corumb\u00e1, Lad\u00e1rio e da Bol\u00edvia, al\u00e9m de agregar \u00e0 juventude a possibilidade\u00a0 de expressar e prestigiar as variadas linguagens, formas e t\u00e9cnicas do Street Dance.<\/p>\n<p>&nbsp;<\/p>\n<p>Neste ano, o encontro ter\u00e1 um formato diferente: ser\u00e1 realizada uma competi\u00e7\u00e3o entre grupos, trio, duo e solo. \u201cEsperamos receber coreografias que apresentem uma proposta criativa e c\u00eanica. \u00c9 de livre escolha usar um caminho entre outras dan\u00e7as, mas a linguagem principal deve ser o Hip-hop e estilos correlatos\u201d, explicou o coordenador de Pol\u00edticas para a Juventude, Diego Coelho.<\/p>\n<p>&nbsp;<\/p>\n<p>Cada dan\u00e7a deve ter no m\u00ednimo 3 minutos e no m\u00e1ximo 5 minutos de dura\u00e7\u00e3o. A comiss\u00e3o julgadora ser\u00e1 formada por convidados de Campo Grande e de Corumb\u00e1. O 2\u00ba Encontro de Dan\u00e7as Urbanas da Juventude come\u00e7a \u00e0s 18h30, com a apresenta\u00e7\u00e3o da banda musical Imigrantes de Marte.<\/p>\n","protected":false},"excerpt":{"rendered":"<p>Promovido pela Prefeitura de Corumb\u00e1, por meio da Secretaria Especial de Cidadania e Direitos Humanos,&#8230;<\/p>\n","protected":false},"author":1,"featured_media":0,"comment_status":"closed","ping_status":"closed","sticky":false,"template":"","format":"standard","meta":{"footnotes":""},"categories":[7],"tags":[],"class_list":["post-16598","post","type-post","status-publish","format-standard","hentry","category-cultura"],"_links":{"self":[{"href":"https:\/\/www.corumbaonline.com.br\/news\/wp-json\/wp\/v2\/posts\/16598","targetHints":{"allow":["GET"]}}],"collection":[{"href":"https:\/\/www.corumbaonline.com.br\/news\/wp-json\/wp\/v2\/posts"}],"about":[{"href":"https:\/\/www.corumbaonline.com.br\/news\/wp-json\/wp\/v2\/types\/post"}],"author":[{"embeddable":true,"href":"https:\/\/www.corumbaonline.com.br\/news\/wp-json\/wp\/v2\/users\/1"}],"replies":[{"embeddable":true,"href":"https:\/\/www.corumbaonline.com.br\/news\/wp-json\/wp\/v2\/comments?post=16598"}],"version-history":[{"count":1,"href":"https:\/\/www.corumbaonline.com.br\/news\/wp-json\/wp\/v2\/posts\/16598\/revisions"}],"predecessor-version":[{"id":16599,"href":"https:\/\/www.corumbaonline.com.br\/news\/wp-json\/wp\/v2\/posts\/16598\/revisions\/16599"}],"wp:attachment":[{"href":"https:\/\/www.corumbaonline.com.br\/news\/wp-json\/wp\/v2\/media?parent=16598"}],"wp:term":[{"taxonomy":"category","embeddable":true,"href":"https:\/\/www.corumbaonline.com.br\/news\/wp-json\/wp\/v2\/categories?post=16598"},{"taxonomy":"post_tag","embeddable":true,"href":"https:\/\/www.corumbaonline.com.br\/news\/wp-json\/wp\/v2\/tags?post=16598"}],"curies":[{"name":"wp","href":"https:\/\/api.w.org\/{rel}","templated":true}]}}