{"id":16631,"date":"2018-04-26T11:37:32","date_gmt":"2018-04-26T15:37:32","guid":{"rendered":"http:\/\/www.corumbaonline.com.br\/news\/?p=16631"},"modified":"2018-04-26T11:35:05","modified_gmt":"2018-04-26T15:35:05","slug":"viva-marielle","status":"publish","type":"post","link":"https:\/\/www.corumbaonline.com.br\/news\/viva-marielle\/","title":{"rendered":"Viva Marielle"},"content":{"rendered":"<div class=\"\"><span class=\"\" lang=\"EN-US\">Se o Papa Francisco telefonou para a m\u00e3e de Marielle Franco poucos minutos antes da Missa celebrada em sufr\u00e1gio da alma da Vereadora assassinada no Rio de Janeiro, n\u00e3o poder\u00e1 ser levantada a m\u00e3o condenat\u00f3ria de quem quer que seja para censurar Marielle por qualquer de seus atos. A m\u00e3o, que tenha o atrevimento de erguer-se, \u00e9 m\u00e3o hip\u00f3crita, classista, mentirosa e injusta.<\/span><\/div>\n<div class=\"\"><\/div>\n<div class=\"\"><span class=\"\" lang=\"EN-US\">N\u00e3o se encontra na B\u00edblia nenhuma palavra de Jesus pronunciada para verberar o ateu. Entretanto Cristo foi implac\u00e1vel para condenar o fariseu que se ajoelhava e celebrava as gl\u00f3rias do Criador mas n\u00e3o se compadecia dos sofredores.<\/span><\/div>\n<div class=\"\"><\/div>\n<div class=\"\"><span class=\"\" lang=\"EN-US\">N\u00e3o nos esquecamos de que Maria Madalena foi a predilieta de Jesus.<\/span><\/div>\n<div class=\"\"><\/div>\n<div class=\"\"><span class=\"\" lang=\"EN-US\">\u00a0O Papa Francisco \u00e9 mesmo um seguidor do Messias. N\u00e3o \u00e9 de causar espanto que ele seja aplaudido nao epenas pelos cat\u00f3licos, mas tamb\u00e9m pelos evang\u00e9licos, pelos esp\u00edritas e at\u00e9 pelos ateus, ou supostamente ateus.<\/span><\/div>\n<div class=\"\"><\/div>\n<div class=\"\"><span class=\"\">Marielle Franco teve cria\u00e7\u00e3o cat\u00f3lica. Nasceu n<\/span>o\u00a0Complexo da Mar\u00e9, na cidade do\u00a0Rio de Janeiro. Ela se definia como &#8220;cria da Mar\u00e9&#8221;.<\/div>\n<div class=\"\"><\/div>\n<div class=\"\"><span class=\"\">Em 1990, aos 11 anos de idade, come\u00e7ou a trabalhar, usando o sal\u00e1rio para ajudar a pagar os seus estudos.<\/span><\/div>\n<div class=\"\"><\/div>\n<div class=\"\"><span class=\"\">Posteriormemte, exerceu a fun\u00e7\u00e3o de educadora infantil em uma creche.<\/span><\/div>\n<div class=\"\"><span class=\"\">Ainda na juventude, participou de movimentos sociais.<\/span><\/div>\n<div class=\"\"><\/div>\n<div class=\"\"><span class=\"\">Em 1998, Marielle deu \u00e0 luz sua primeira e \u00fanica filha, Luyara.<\/span><\/div>\n<div class=\"\"><\/div>\n<div class=\"\"><span class=\"\">Naquele mesmo ano, matriculou-se na primeira turma de pr\u00e9-vestibular comunit\u00e1rio oferecido no Complexo da Mar\u00e9.<\/span><\/div>\n<div class=\"\"><\/div>\n<div class=\"\"><span class=\"\">Em 2000, come\u00e7ou a militar pelos direitos humanos, depois que uma de suas amigas foi atingida fatalmente por uma troca de tiros entre policiais e traficantes na Mar\u00e9.<\/span><\/div>\n<div class=\"\"><\/div>\n<div class=\"\"><span class=\"\">Em 2002 ingressou na Universidade Cat\u00f3lica do Rio de Janeiro estudando Ci\u00eancias Sociais com uma bolsa integral obtida atrav\u00e9s do Programa<i class=\"\">\u00a0Universidade para Todos<\/i>.<\/span><\/div>\n<div class=\"\"><span class=\"\">Ap\u00f3s graduar-se em Ci\u00eancias Sociais, concluiu o Mestrado em Administracao P\u00fablica pela Unversidade Federal Fluminense.<\/span><\/div>\n<div class=\"\"><\/div>\n<div class=\"\"><span class=\"\" lang=\"EN-US\">Os santos n\u00e3o s\u00e3o apenas aqueles dos altares.<\/span><\/div>\n<div class=\"\"><\/div>\n<div class=\"\"><span class=\"\" lang=\"EN-US\">A santidade est\u00e1 em toda parte. A santidade est\u00e1 no Complexo da Mar\u00e9.<\/span><\/div>\n<div class=\"\"><\/div>\n<div class=\"\"><span class=\"\" lang=\"EN-US\">\u00a0No nosso Estado, a morte de Marielle, felizmente, n\u00e3o teve o desprezo do sil\u00eancio.<\/span><\/div>\n<div class=\"\"><\/div>\n<div class=\"\"><span class=\"\" lang=\"EN-US\">A Universidade Federal do Esp\u00edrito Santo emitiu vigorosa nota de pesar e indigna\u00e7\u00e3o e, atrav\u00e9s desta iniciativa, interpretou, sem d\u00favida, os sentimentos do povo capixaba.<\/span><\/div>\n<div class=\"\"><\/div>\n<div class=\"\"><span class=\"\" lang=\"EN-US\">Se durante toda a vida tive \u00a0orgulho de ter sido professor da UFES, num momento como este, em que os doutos se dobram \u00e0 face dos humildes, o orgulho \u00e9 carrregado de emo\u00e7\u00e3o.<\/span><\/div>\n<div class=\"\"><\/div>\n<div class=\"\"><span class=\"\" lang=\"EN-US\">A UFES continua sendo, n\u00e3o apenas um espa\u00e7o de cultura e ci\u00eancia, mas tamb\u00e9m um territ\u00f3rio de grandeza, democracia e rever\u00eancia aos direitos humanos.<\/span><\/div>\n<div class=\"\"><\/div>\n<div class=\"\"><span class=\"\" lang=\"EN-US\">Jo\u00e3o Baptista Herkenhoff<\/span><\/div>\n","protected":false},"excerpt":{"rendered":"<p>Se o Papa Francisco telefonou para a m\u00e3e de Marielle Franco poucos minutos antes da&#8230;<\/p>\n","protected":false},"author":1,"featured_media":10213,"comment_status":"closed","ping_status":"closed","sticky":false,"template":"","format":"standard","meta":{"footnotes":""},"categories":[3],"tags":[],"class_list":["post-16631","post","type-post","status-publish","format-standard","has-post-thumbnail","hentry","category-artigo"],"_links":{"self":[{"href":"https:\/\/www.corumbaonline.com.br\/news\/wp-json\/wp\/v2\/posts\/16631","targetHints":{"allow":["GET"]}}],"collection":[{"href":"https:\/\/www.corumbaonline.com.br\/news\/wp-json\/wp\/v2\/posts"}],"about":[{"href":"https:\/\/www.corumbaonline.com.br\/news\/wp-json\/wp\/v2\/types\/post"}],"author":[{"embeddable":true,"href":"https:\/\/www.corumbaonline.com.br\/news\/wp-json\/wp\/v2\/users\/1"}],"replies":[{"embeddable":true,"href":"https:\/\/www.corumbaonline.com.br\/news\/wp-json\/wp\/v2\/comments?post=16631"}],"version-history":[{"count":1,"href":"https:\/\/www.corumbaonline.com.br\/news\/wp-json\/wp\/v2\/posts\/16631\/revisions"}],"predecessor-version":[{"id":16632,"href":"https:\/\/www.corumbaonline.com.br\/news\/wp-json\/wp\/v2\/posts\/16631\/revisions\/16632"}],"wp:featuredmedia":[{"embeddable":true,"href":"https:\/\/www.corumbaonline.com.br\/news\/wp-json\/wp\/v2\/media\/10213"}],"wp:attachment":[{"href":"https:\/\/www.corumbaonline.com.br\/news\/wp-json\/wp\/v2\/media?parent=16631"}],"wp:term":[{"taxonomy":"category","embeddable":true,"href":"https:\/\/www.corumbaonline.com.br\/news\/wp-json\/wp\/v2\/categories?post=16631"},{"taxonomy":"post_tag","embeddable":true,"href":"https:\/\/www.corumbaonline.com.br\/news\/wp-json\/wp\/v2\/tags?post=16631"}],"curies":[{"name":"wp","href":"https:\/\/api.w.org\/{rel}","templated":true}]}}