{"id":16656,"date":"2018-04-27T08:05:36","date_gmt":"2018-04-27T12:05:36","guid":{"rendered":"http:\/\/www.corumbaonline.com.br\/news\/?p=16656"},"modified":"2018-04-27T08:08:17","modified_gmt":"2018-04-27T12:08:17","slug":"prefeitura-libera-nesta-6a-feira-pagamento-de-abril-dos-servidores","status":"publish","type":"post","link":"https:\/\/www.corumbaonline.com.br\/news\/prefeitura-libera-nesta-6a-feira-pagamento-de-abril-dos-servidores\/","title":{"rendered":"Prefeitura libera nesta 6\u00aa feira pagamento de abril dos servidores"},"content":{"rendered":"<p>Seguindo determina\u00e7\u00e3o do prefeito Marcelo Iunes, todos os servidores da Prefeitura de Corumb\u00e1 (da ativa, aposentados e pensionistas) receber\u00e3o o sal\u00e1rio de abril nesta sexta-feira, dia 27. Os valores estar\u00e3o dispon\u00edveis para saque nas ag\u00eancias da Caixa e do Banco do Brasil j\u00e1 nas primeiras horas da manh\u00e3.<\/p>\n<p>&nbsp;<\/p>\n<p>De acordo com a Secretaria Municipal de Finan\u00e7as e Gest\u00e3o, a folha salarial a inje\u00e7\u00e3o de R$ 13.186 milh\u00f5es na economia local. Com a medida, o prefeito reafirma seu compromisso de quitar o sal\u00e1rio dos servidores dentro do m\u00eas trabalhado.<\/p>\n<p>&nbsp;<\/p>\n<p>O prefeito Marcelo Iunes destacou que apesar da crise econ\u00f4mica que afeta todo o Pa\u00eds, principalmente Estados e Munic\u00edpios, \u00e9 compromisso da administra\u00e7\u00e3o municipal continuar valorizando os servidores da Prefeitura.<\/p>\n<p>&nbsp;<\/p>\n<p><strong>Saques<\/strong><\/p>\n<p>&nbsp;<\/p>\n<p>A orienta\u00e7\u00e3o do Banco do Brasil em Corumb\u00e1 \u00e9 que os servidores procurem efetuar os saques ainda no per\u00edodo da manh\u00e3. Dessa forma, os funcion\u00e1rios da ag\u00eancia poder\u00e3o realizar o reabastecimento dos caixas antes do feriado e evitar a falta de dinheiro nos terminais autom\u00e1ticos. A mesma orienta\u00e7\u00e3o vale para os servidores que recebem seus proventos pela Caixa Econ\u00f4mica Federal. Conforme o decreto 1.958, assinado pelo prefeito Marcelo Iunes, a segunda-feira, 30 de abril, v\u00e9spera do feriado do Dia do Trabalhador, ser\u00e1 de ponto facultativo nas reparti\u00e7\u00f5es da Prefeitura.<\/p>\n","protected":false},"excerpt":{"rendered":"<p>Seguindo determina\u00e7\u00e3o do prefeito Marcelo Iunes, todos os servidores da Prefeitura de Corumb\u00e1 (da ativa,&#8230;<\/p>\n","protected":false},"author":1,"featured_media":0,"comment_status":"closed","ping_status":"closed","sticky":false,"template":"","format":"standard","meta":{"footnotes":""},"categories":[9],"tags":[],"class_list":["post-16656","post","type-post","status-publish","format-standard","hentry","category-economia"],"_links":{"self":[{"href":"https:\/\/www.corumbaonline.com.br\/news\/wp-json\/wp\/v2\/posts\/16656","targetHints":{"allow":["GET"]}}],"collection":[{"href":"https:\/\/www.corumbaonline.com.br\/news\/wp-json\/wp\/v2\/posts"}],"about":[{"href":"https:\/\/www.corumbaonline.com.br\/news\/wp-json\/wp\/v2\/types\/post"}],"author":[{"embeddable":true,"href":"https:\/\/www.corumbaonline.com.br\/news\/wp-json\/wp\/v2\/users\/1"}],"replies":[{"embeddable":true,"href":"https:\/\/www.corumbaonline.com.br\/news\/wp-json\/wp\/v2\/comments?post=16656"}],"version-history":[{"count":1,"href":"https:\/\/www.corumbaonline.com.br\/news\/wp-json\/wp\/v2\/posts\/16656\/revisions"}],"predecessor-version":[{"id":16657,"href":"https:\/\/www.corumbaonline.com.br\/news\/wp-json\/wp\/v2\/posts\/16656\/revisions\/16657"}],"wp:attachment":[{"href":"https:\/\/www.corumbaonline.com.br\/news\/wp-json\/wp\/v2\/media?parent=16656"}],"wp:term":[{"taxonomy":"category","embeddable":true,"href":"https:\/\/www.corumbaonline.com.br\/news\/wp-json\/wp\/v2\/categories?post=16656"},{"taxonomy":"post_tag","embeddable":true,"href":"https:\/\/www.corumbaonline.com.br\/news\/wp-json\/wp\/v2\/tags?post=16656"}],"curies":[{"name":"wp","href":"https:\/\/api.w.org\/{rel}","templated":true}]}}