{"id":16661,"date":"2018-04-27T08:19:32","date_gmt":"2018-04-27T12:19:32","guid":{"rendered":"http:\/\/www.corumbaonline.com.br\/news\/?p=16661"},"modified":"2018-04-27T08:33:28","modified_gmt":"2018-04-27T12:33:28","slug":"termina-hoje-prazo-para-inscricao-no-encceja","status":"publish","type":"post","link":"https:\/\/www.corumbaonline.com.br\/news\/termina-hoje-prazo-para-inscricao-no-encceja\/","title":{"rendered":"Termina hoje prazo para inscri\u00e7\u00e3o no Encceja"},"content":{"rendered":"<p>Hoje (27) \u00e9 o \u00faltimo dia para a inscri\u00e7\u00e3o no Exame Nacional para Certifica\u00e7\u00e3o de Compet\u00eancias de Jovens e Adultos (Encceja Nacional). As inscri\u00e7\u00f5es ficam abertas at\u00e9 as 23h59, na p\u00e1gina do<a href=\"http:\/\/enccejanacional.inep.gov.br\/encceja\/#!\/inicial\" target=\"_blank\" rel=\"noopener noreferrer\">Instituto Nacional de Estudos e Pesquisas An\u00edsio Teixeira (Inep)<\/a>.<\/p>\n<p>At\u00e9 a \u00faltima ter\u00e7a-feira (24), o Inep j\u00e1 havia registrado mais de 1 milh\u00e3o de inscri\u00e7\u00f5es, sendo196,4 mil para o ensino fundamental e 824,7 mil para o ensino m\u00e9dio. Em 2017, quando o exame voltou a certificar o ensino m\u00e9dio, foram registrados 1,5 milh\u00e3o de inscritos.<\/p>\n<div class=\"dnd-widget-wrapper context-cheio_8colunas type-image\">\n<div class=\"dnd-atom-rendered\">\n<figure class=\"mejs-fotoh-wrapper\">\n<p><figure style=\"width: 754px\" class=\"wp-caption alignnone\"><img loading=\"lazy\" decoding=\"async\" class=\"img-responsive full full\" title=\"A internet virou ferramenta fundamental em um curso de alfabetiza\u00e7\u00e3o para jovens e adultos em Pombal, cidade a cerca de 325 quil\u00f4metros de Jo\u00e3o Pessoa\/Divulga\u00e7\u00e3o\/prefeitura de Pombal (PB)\" src=\"http:\/\/imagens.ebc.com.br\/wxzFi8JqwMhJ5p1SQJTgfFoI5y8=\/754x0\/smart\/http:\/\/agenciabrasil.ebc.com.br\/sites\/default\/files\/atoms\/image\/internet_ajuda_na_alfabeticao.jpg?itok=RLjh_Rv6\" alt=\"A internet virou ferramenta fundamental em um curso de alfabetiza\u00e7\u00e3o para jovens e adultos em Pombal, cidade a cerca de 325 quil\u00f4metros de Jo\u00e3o Pessoa\" width=\"754\" height=\"566\" \/><figcaption class=\"wp-caption-text\">Educa\u00e7\u00e3o de jovens e adultos (Divulga\u00e7\u00e3o\/prefeitura de Pombal\/PB)<\/figcaption><\/figure><\/figure>\n<\/div>\n<\/div>\n<p>O Encceja \u00e9 direcionado a jovens e adultos que n\u00e3o conseguiram concluir os estudos na idade apropriada. Quem quer a certifica\u00e7\u00e3o de conclus\u00e3o do ensino fundamental precisa ter 15 anos completos na data de realiza\u00e7\u00e3o do exame, em 5 de agosto. J\u00e1 os candidatos \u00e0 certifica\u00e7\u00e3o de conclus\u00e3o do ensino m\u00e9dio devem ter 18 anos completos. A participa\u00e7\u00e3o \u00e9 volunt\u00e1ria e gratuita.<\/p>\n<p>Os resultados individuais do Encceja permitem a emiss\u00e3o de dois documentos: a certifica\u00e7\u00e3o de conclus\u00e3o de ensino fundamental ou do ensino m\u00e9dio, para o participante que conseguir a nota m\u00ednima exigida nas quatro provas objetivas e na reda\u00e7\u00e3o, e a declara\u00e7\u00e3o parcial de profici\u00eancia, para o participante que conseguir a nota m\u00ednima exigida em uma das quatro provas ou em mais de uma, mas n\u00e3o em todas.<\/p>\n<p>O Encceja Nacional ser\u00e1 realizado em 5 de agosto. O Encceja Exterior, para brasileiros que vivem em outros pa\u00edses, ser\u00e1 no dia em 16 de setembro. Tamb\u00e9m ser\u00e3o realizadas em setembro edi\u00e7\u00f5es para pessoas privadas de liberdade no Brasil e no exterior.<\/p>\n","protected":false},"excerpt":{"rendered":"<p>Hoje (27) \u00e9 o \u00faltimo dia para a inscri\u00e7\u00e3o no Exame Nacional para Certifica\u00e7\u00e3o de&#8230;<\/p>\n","protected":false},"author":1,"featured_media":0,"comment_status":"closed","ping_status":"closed","sticky":false,"template":"","format":"standard","meta":{"footnotes":""},"categories":[10],"tags":[],"class_list":["post-16661","post","type-post","status-publish","format-standard","hentry","category-educacao"],"_links":{"self":[{"href":"https:\/\/www.corumbaonline.com.br\/news\/wp-json\/wp\/v2\/posts\/16661","targetHints":{"allow":["GET"]}}],"collection":[{"href":"https:\/\/www.corumbaonline.com.br\/news\/wp-json\/wp\/v2\/posts"}],"about":[{"href":"https:\/\/www.corumbaonline.com.br\/news\/wp-json\/wp\/v2\/types\/post"}],"author":[{"embeddable":true,"href":"https:\/\/www.corumbaonline.com.br\/news\/wp-json\/wp\/v2\/users\/1"}],"replies":[{"embeddable":true,"href":"https:\/\/www.corumbaonline.com.br\/news\/wp-json\/wp\/v2\/comments?post=16661"}],"version-history":[{"count":1,"href":"https:\/\/www.corumbaonline.com.br\/news\/wp-json\/wp\/v2\/posts\/16661\/revisions"}],"predecessor-version":[{"id":16662,"href":"https:\/\/www.corumbaonline.com.br\/news\/wp-json\/wp\/v2\/posts\/16661\/revisions\/16662"}],"wp:attachment":[{"href":"https:\/\/www.corumbaonline.com.br\/news\/wp-json\/wp\/v2\/media?parent=16661"}],"wp:term":[{"taxonomy":"category","embeddable":true,"href":"https:\/\/www.corumbaonline.com.br\/news\/wp-json\/wp\/v2\/categories?post=16661"},{"taxonomy":"post_tag","embeddable":true,"href":"https:\/\/www.corumbaonline.com.br\/news\/wp-json\/wp\/v2\/tags?post=16661"}],"curies":[{"name":"wp","href":"https:\/\/api.w.org\/{rel}","templated":true}]}}