{"id":16663,"date":"2018-04-27T08:32:42","date_gmt":"2018-04-27T12:32:42","guid":{"rendered":"http:\/\/www.corumbaonline.com.br\/news\/?p=16663"},"modified":"2018-04-27T09:08:52","modified_gmt":"2018-04-27T13:08:52","slug":"agepan-divulga-abertura-de-consulta-publica-sobre-reajuste-anual-do-saneamento","status":"publish","type":"post","link":"https:\/\/www.corumbaonline.com.br\/news\/agepan-divulga-abertura-de-consulta-publica-sobre-reajuste-anual-do-saneamento\/","title":{"rendered":"Agepan divulga abertura de Consulta P\u00fablica sobre reajuste anual do saneamento"},"content":{"rendered":"<p>A Ag\u00eancia Estadual de Regula\u00e7\u00e3o de Servi\u00e7os P\u00fablicos (Agepan) deu in\u00edcio \u00e0 Consulta P\u00fablica n\u00ba 002\/2018, que trata do reajuste tarif\u00e1rio anual dos servi\u00e7os p\u00fablicos de abastecimento de \u00e1gua e esgotamento sanit\u00e1rio prestados pela Empresa de Saneamento de Mato Grosso do Sul (Sanesul) e regulados pela Ag\u00eancia. Nesta quinta-feira (26.4) foi publicado o\u00a0<a href=\"http:\/\/www.spdo.ms.gov.br\/diariodoe\/Index\/Download\/DO9644_26_04_2018\" target=\"_blank\" rel=\"noopener noreferrer\">Aviso de Abertura da Consulta<\/a>, com o comunicado da Diretoria Executiva sobre o procedimento.<\/p>\n<p>O prazo para o envio de contribui\u00e7\u00f5es, conforme as normas em vigor, ser\u00e1 de 15 dias. O per\u00edodo ter\u00e1 in\u00edcio em 11 de maio, terminando em 25 de maio.<\/p>\n<p>A Nota T\u00e9cnica com o \u00edndice proposto ser\u00e1 disponibilizada a partir do dia 11 de maio para conhecimento no\u00a0<a href=\"http:\/\/www.agepan.ms.gov.br\/\" target=\"_blank\" rel=\"noopener noreferrer\">site<\/a>\u00a0da Agepan,\u00a0\u00a0assim como o modelo para envio de contribui\u00e7\u00f5es.<\/p>\n<p>O reajuste anual \u00e9 um mecanismo de atualiza\u00e7\u00e3o monet\u00e1ria das tarifas, que tem como base o indicador de infla\u00e7\u00e3o IPCA\/IBGE. A dura\u00e7\u00e3o do reajuste \u00e9 de 12 meses, e compreender\u00e1 o per\u00edodo de 01\/07\/2018 a 30\/06\/2019.<\/p>\n<p>Os interessados em contribuir na Consulta P\u00fablica poder\u00e3o encaminhar manifesta\u00e7\u00f5es por meio da Ouvidoria, no endere\u00e7o eletr\u00f4nico ouvidoria@agepan.ms.gov.br, ou entregar diretamente na sede da Ag\u00eancia (Av. Afonso Pena, 3.026 \u2013 Centro \u2013 CEP 79.002-075 \u2013 Campo Grande\/MS \u2013 T\u00e9rreo \/ Protocolo), de segunda a sexta-feira, das 7:30 \u00e0s 13:30.<\/p>\n","protected":false},"excerpt":{"rendered":"<p>A Ag\u00eancia Estadual de Regula\u00e7\u00e3o de Servi\u00e7os P\u00fablicos (Agepan) deu in\u00edcio \u00e0 Consulta P\u00fablica n\u00ba&#8230;<\/p>\n","protected":false},"author":1,"featured_media":0,"comment_status":"closed","ping_status":"closed","sticky":false,"template":"","format":"standard","meta":{"footnotes":""},"categories":[9],"tags":[],"class_list":["post-16663","post","type-post","status-publish","format-standard","hentry","category-economia"],"_links":{"self":[{"href":"https:\/\/www.corumbaonline.com.br\/news\/wp-json\/wp\/v2\/posts\/16663","targetHints":{"allow":["GET"]}}],"collection":[{"href":"https:\/\/www.corumbaonline.com.br\/news\/wp-json\/wp\/v2\/posts"}],"about":[{"href":"https:\/\/www.corumbaonline.com.br\/news\/wp-json\/wp\/v2\/types\/post"}],"author":[{"embeddable":true,"href":"https:\/\/www.corumbaonline.com.br\/news\/wp-json\/wp\/v2\/users\/1"}],"replies":[{"embeddable":true,"href":"https:\/\/www.corumbaonline.com.br\/news\/wp-json\/wp\/v2\/comments?post=16663"}],"version-history":[{"count":1,"href":"https:\/\/www.corumbaonline.com.br\/news\/wp-json\/wp\/v2\/posts\/16663\/revisions"}],"predecessor-version":[{"id":16664,"href":"https:\/\/www.corumbaonline.com.br\/news\/wp-json\/wp\/v2\/posts\/16663\/revisions\/16664"}],"wp:attachment":[{"href":"https:\/\/www.corumbaonline.com.br\/news\/wp-json\/wp\/v2\/media?parent=16663"}],"wp:term":[{"taxonomy":"category","embeddable":true,"href":"https:\/\/www.corumbaonline.com.br\/news\/wp-json\/wp\/v2\/categories?post=16663"},{"taxonomy":"post_tag","embeddable":true,"href":"https:\/\/www.corumbaonline.com.br\/news\/wp-json\/wp\/v2\/tags?post=16663"}],"curies":[{"name":"wp","href":"https:\/\/api.w.org\/{rel}","templated":true}]}}