{"id":16681,"date":"2018-04-27T10:00:36","date_gmt":"2018-04-27T14:00:36","guid":{"rendered":"http:\/\/www.corumbaonline.com.br\/news\/?p=16681"},"modified":"2018-04-27T10:34:40","modified_gmt":"2018-04-27T14:34:40","slug":"analisando","status":"publish","type":"post","link":"https:\/\/www.corumbaonline.com.br\/news\/analisando\/","title":{"rendered":"Analisando&#8230;"},"content":{"rendered":"<p><strong>Brasil<\/strong><\/p>\n<p>Est\u00e1 chegando o m\u00eas de maio, m\u00eas do trabalhador, e com ele, vai faltar apenas cinco meses para as elei\u00e7\u00f5es gerais no pa\u00eds. E a cada dia que passa o que aumenta \u00e9 a insatisfa\u00e7\u00e3o com a pol\u00edtica e a indefini\u00e7\u00e3o de candidaturas ao Pal\u00e1cio do Planalto.<\/p>\n<p>O Presidente Temer que \u201censaiou\u201d, j\u00e1 disse por meio de seu porta voz oficial, Carlos Marun, que a cada dia que passa sua candidatura esta mais invi\u00e1vel, e que esta na duvida se apoia Maia ou Meirelles.<\/p>\n<p>Do outro lado da avenida, a falta de estrutura de Bolsonaro, a inseguran\u00e7a de Joaquim Barbosa, o destempero de Ciro Gomes, e o est\u00e1tico Geraldo Alckmin, fazem com que o eleitor se desanime mesmo, levando a \u00edndices recordes, inten\u00e7\u00e3o de votos em branco ou nulo.<\/p>\n<p>Claro que n\u00e3o poderia faltar o \u201cLula\u201d, o ex-presidente, que se encontra preso, ao prazer do justiceiro Sergio Moro; ainda \u00e9 o principal ator pol\u00edtico desta elei\u00e7\u00e3o; sua participa\u00e7\u00e3o ainda \u00e9 incerta e tudo que cerca este tema \u00e9 o principal combust\u00edvel deste processo eleitoral, fazendo com que neste momento seja imposs\u00edvel quaisquer prognostico a respeito do resultado deste pleito, colocando um tempero a mais na j\u00e1 conturbada vida pol\u00edtica do Brasil!<\/p>\n<p><strong>Mato Grosso do Sul<\/strong><\/p>\n<p>Aqui pelas bandas do estado, a corrida eleitoral pela caneta de ouro do Pal\u00e1cio Guaicurus ainda esta morna, quase fria, uma vez que todos os pr\u00e9 candidatos tem pedras a mover do caminho antes de se enfrentar diretamente.<\/p>\n<p>O Juiz aposentado Odilon de Oliveira ainda trope\u00e7a na montagem da chapa para disputa e n\u00e3o sabe como far\u00e1 para organizar a sua estrutura de campanha e atender aos candidatos a proporcional de sua chapa.<\/p>\n<p>J\u00e1 o ex-governador Andr\u00e9 Puccinelli ainda luta contra o tempo para se livrar de seus problemas na justi\u00e7a, principalmente a Lama Asf\u00e1ltica, para que possa discutir seu projeto eleitoral, entretanto, j\u00e1 demonstrou habilidade ao atrair para seu arco de aliados partidos que estavam na base do atual governo, tais como o PR e o DEM.<\/p>\n<p>O atual governador Reinaldo Azambuja luta com todas as for\u00e7as pra que seu governo decole. O mesmo tomou medidas importantes, por\u00e9m impopulares, principalmente com os servidores, pr\u00f3ximo ao per\u00edodo eleitoral e n\u00e3o v\u00ea seus n\u00fameros dispararem, principalmente, com o eleitorado da capital.<\/p>\n<p><strong>Corumb\u00e1<\/strong><\/p>\n<p>Aqui o \u201cpacto\u201d que parecia que tinha ido pro espa\u00e7o volta a ganhar for\u00e7a. A realidade eleitoral de financiamento de campanhas n\u00e3o permite aventuras. Os partidos devem fortalecer suas bases em candidaturas com solidez e viabilidade. Logo a uni\u00e3o em torno de poucos nomes ganha for\u00e7a, mesmo que de maneira transversa!!!<\/p>\n<p>Para as cadeiras da C\u00e2mara Federal por enquanto est\u00e3o o ex-vereador Machado que promete uma campanha voltada para as bases do PT. Tamb\u00e9m ensaia candidatura o ex-prefeito \u00c9der Brambilla, agora no MDB, com seu jeito peculiar de fazer pol\u00edtica.<\/p>\n<p>Porem para a C\u00e2mara federal a noticia que faz \u201cenvergar\u201d as palmeiras imperiais da Avenida General Rondon \u00e9 a possibilidade de candidatura do ex-senador pantaneiro Delc\u00eddio do Amaral, que teve seus direitos pol\u00edticos suspensos ap\u00f3s ser cassado pelo plen\u00e1rio do Senado e que acabou de se filiar ao PTC. Est\u00e1 certo que ainda tem uma estrada jur\u00eddica a ser percorrida pelo pantaneiro, por\u00e9m, se fez a filia\u00e7\u00e3o \u00e9 porque acredita que e poss\u00edvel, e se for realmente candidato mexe de vez com esse tabuleiro!<\/p>\n<p>J\u00e1 para as cadeiras da Assembl\u00e9ia Legislativa a disputa a cada dia que passa esta afunilando em tr\u00eas candidaturas que est\u00e3o praticamente certas: Paulo Duarte, Beatriz Cavassa e Sammer Abdalla.<\/p>\n<p>Levando em conta o que temos visto aqui nas ruas, nas conversas nos caf\u00e9s e nos bares, nenhum dos tr\u00eas at\u00e9 agora conseguiu despertar o interesse do eleitor para o debate eleitoral. Ta certo que ainda e pr\u00e9-campanha, mas a paradeira dos interessados em uma vaga na assembl\u00e9ia deixa o eleitor confuso e questionando se realmente ser\u00e3o candidatos.<\/p>\n","protected":false},"excerpt":{"rendered":"<p>Brasil Est\u00e1 chegando o m\u00eas de maio, m\u00eas do trabalhador, e com ele, vai faltar&#8230;<\/p>\n","protected":false},"author":6,"featured_media":0,"comment_status":"closed","ping_status":"closed","sticky":false,"template":"","format":"standard","meta":{"footnotes":""},"categories":[3],"tags":[],"class_list":["post-16681","post","type-post","status-publish","format-standard","hentry","category-artigo"],"_links":{"self":[{"href":"https:\/\/www.corumbaonline.com.br\/news\/wp-json\/wp\/v2\/posts\/16681","targetHints":{"allow":["GET"]}}],"collection":[{"href":"https:\/\/www.corumbaonline.com.br\/news\/wp-json\/wp\/v2\/posts"}],"about":[{"href":"https:\/\/www.corumbaonline.com.br\/news\/wp-json\/wp\/v2\/types\/post"}],"author":[{"embeddable":true,"href":"https:\/\/www.corumbaonline.com.br\/news\/wp-json\/wp\/v2\/users\/6"}],"replies":[{"embeddable":true,"href":"https:\/\/www.corumbaonline.com.br\/news\/wp-json\/wp\/v2\/comments?post=16681"}],"version-history":[{"count":3,"href":"https:\/\/www.corumbaonline.com.br\/news\/wp-json\/wp\/v2\/posts\/16681\/revisions"}],"predecessor-version":[{"id":16684,"href":"https:\/\/www.corumbaonline.com.br\/news\/wp-json\/wp\/v2\/posts\/16681\/revisions\/16684"}],"wp:attachment":[{"href":"https:\/\/www.corumbaonline.com.br\/news\/wp-json\/wp\/v2\/media?parent=16681"}],"wp:term":[{"taxonomy":"category","embeddable":true,"href":"https:\/\/www.corumbaonline.com.br\/news\/wp-json\/wp\/v2\/categories?post=16681"},{"taxonomy":"post_tag","embeddable":true,"href":"https:\/\/www.corumbaonline.com.br\/news\/wp-json\/wp\/v2\/tags?post=16681"}],"curies":[{"name":"wp","href":"https:\/\/api.w.org\/{rel}","templated":true}]}}