{"id":16701,"date":"2018-04-27T11:38:51","date_gmt":"2018-04-27T15:38:51","guid":{"rendered":"http:\/\/www.corumbaonline.com.br\/news\/?p=16701"},"modified":"2018-04-27T12:00:05","modified_gmt":"2018-04-27T16:00:05","slug":"vasco-oficializa-a-venda-de-paulinho-ao-bayer-leverkusen-da-alemanha","status":"publish","type":"post","link":"https:\/\/www.corumbaonline.com.br\/news\/vasco-oficializa-a-venda-de-paulinho-ao-bayer-leverkusen-da-alemanha\/","title":{"rendered":"Vasco oficializa a venda de Paulinho ao Bayer Leverkusen, da Alemanha"},"content":{"rendered":"<p>O Vasco confirmou nesta sexta-feira a venda do atacante Paulinho ao Bayer Leverkusen, da Alemanha. O clube soltou uma nota oficial sem divulgar valores da negocia\u00e7\u00e3o, que gira em torno de 20 milh\u00f5es de euros (cerca de R$ 85 milh\u00f5es), podendo chegar a 35 milh\u00f5es (cerca de R$ 146 milh\u00f5es) em caso de metas alcan\u00e7adas.<\/p>\n<p>Paulinho conceder\u00e1 uma entrevista coletiva ao lado do presidente Alexandre Campello, \u00e0s 16h15, em S\u00e3o Janu\u00e1rio. Na nota divulgada, o Vasco exaltou a hist\u00f3ria do jovem por S\u00e3o Janu\u00e1rio. Confira alguns trechos:<\/p>\n<p class=\"text\"><i>&#8220;Paulo Henrique Sampaio Filho foi descoberto pelo Almirante em 2010, ap\u00f3s se destacar com a camisa do Madureira nas quadras. No ano seguinte, tamb\u00e9m no sal\u00e3o, se tornou titular e uma da refer\u00eancias da gera\u00e7\u00e3o 2000. A primeira grande temporada do atacante, por\u00e9m, foi em 2015, quando ele brilhou na categoria infantil e foi convocado para a Sele\u00e7\u00e3o Brasileira sub-15, onde se sagrou campe\u00e3o Sul-Americano.<\/i><\/p>\n<p class=\"text\"><i>A promo\u00e7\u00e3o para o sub-17 veio em seguida e com ela novas oportunidades de vestir a camisa amarelinha, dessa vez no juvenil. O ano de 2017 foi de transforma\u00e7\u00f5es para Paulinho. O garoto iniciou a temporada sendo um dos l\u00edderes do Brasil na conquista do Campeonato Sul-Americano sub-17. As boas exibi\u00e7\u00f5es o fizeram se firmar no sub-20 e passar a ser observado de perto pelos time profissional.<\/i><\/p>\n<p class=\"text\"><i>A estreia na equipe principal aconteceu em junho, diante do Vit\u00f3ria. Com 16 anos na ocasi\u00e3o, Paulinho entrou nos minutos finais, deu uma assist\u00eancia e se tornou o atleta mais jovem a atuar pelo Vasco no s\u00e9culo 21. Pouco dias tempos, em Belo Horizonte, o garoto foi decisivo ao marcar dois gols contra o Atl\u00e9tico Mineiro em seu primeiro jogo como titular. Os tentos o fizeram se tornar tamb\u00e9m o mais jovem a balan\u00e7ar as redes pelo Cruzmaltino no s\u00e9culo.<\/i><\/p>\n<p class=\"text\"><i>O &#8220;Menino de Ouro&#8221; n\u00e3o parou por a\u00ed, muito pelo contr\u00e1rio, seguiu encantando a todos e quebrando marcas. Primeiro jogador nascido em 2000 a marcar no Brasileir\u00e3o, Paulinho repetiu o feito na Conmebol Libertadores e se tornou o mais novo atleta a marcar pelo Gigante da Colina no torneio continental. Ainda em 2018, n\u00e3o custa lembrar, o prata da casa foi escolhido o craque do Campeonato Carioca&#8221;.<\/i><\/p>\n","protected":false},"excerpt":{"rendered":"<p>O Vasco confirmou nesta sexta-feira a venda do atacante Paulinho ao Bayer Leverkusen, da Alemanha&#8230;.<\/p>\n","protected":false},"author":1,"featured_media":16702,"comment_status":"closed","ping_status":"closed","sticky":false,"template":"","format":"standard","meta":{"footnotes":""},"categories":[11],"tags":[],"class_list":["post-16701","post","type-post","status-publish","format-standard","has-post-thumbnail","hentry","category-esporte"],"_links":{"self":[{"href":"https:\/\/www.corumbaonline.com.br\/news\/wp-json\/wp\/v2\/posts\/16701","targetHints":{"allow":["GET"]}}],"collection":[{"href":"https:\/\/www.corumbaonline.com.br\/news\/wp-json\/wp\/v2\/posts"}],"about":[{"href":"https:\/\/www.corumbaonline.com.br\/news\/wp-json\/wp\/v2\/types\/post"}],"author":[{"embeddable":true,"href":"https:\/\/www.corumbaonline.com.br\/news\/wp-json\/wp\/v2\/users\/1"}],"replies":[{"embeddable":true,"href":"https:\/\/www.corumbaonline.com.br\/news\/wp-json\/wp\/v2\/comments?post=16701"}],"version-history":[{"count":1,"href":"https:\/\/www.corumbaonline.com.br\/news\/wp-json\/wp\/v2\/posts\/16701\/revisions"}],"predecessor-version":[{"id":16703,"href":"https:\/\/www.corumbaonline.com.br\/news\/wp-json\/wp\/v2\/posts\/16701\/revisions\/16703"}],"wp:featuredmedia":[{"embeddable":true,"href":"https:\/\/www.corumbaonline.com.br\/news\/wp-json\/wp\/v2\/media\/16702"}],"wp:attachment":[{"href":"https:\/\/www.corumbaonline.com.br\/news\/wp-json\/wp\/v2\/media?parent=16701"}],"wp:term":[{"taxonomy":"category","embeddable":true,"href":"https:\/\/www.corumbaonline.com.br\/news\/wp-json\/wp\/v2\/categories?post=16701"},{"taxonomy":"post_tag","embeddable":true,"href":"https:\/\/www.corumbaonline.com.br\/news\/wp-json\/wp\/v2\/tags?post=16701"}],"curies":[{"name":"wp","href":"https:\/\/api.w.org\/{rel}","templated":true}]}}