{"id":16713,"date":"2018-04-27T11:17:48","date_gmt":"2018-04-27T15:17:48","guid":{"rendered":"http:\/\/www.corumbaonline.com.br\/news\/?p=16713"},"modified":"2018-04-27T13:02:47","modified_gmt":"2018-04-27T17:02:47","slug":"base-nacional-comum-curricular-e-tema-de-reuniao-nesta-sexta-feira","status":"publish","type":"post","link":"https:\/\/www.corumbaonline.com.br\/news\/base-nacional-comum-curricular-e-tema-de-reuniao-nesta-sexta-feira\/","title":{"rendered":"Base Nacional Comum Curricular \u00e9 tema de reuni\u00e3o nesta sexta-feira"},"content":{"rendered":"<p>A Comiss\u00e3o Regional da Base Nacional Comum Curricular (BNCC) de Corumb\u00e1 e Lad\u00e1rio, por meio da Coordenadoria Regional de Educa\u00e7\u00e3o (CRE 03) e das Secretarias Municipal de Educa\u00e7\u00e3o de Corumb\u00e1 e Lad\u00e1rio, promove nesta sexta-feira, 27 de abril, um di\u00e1logo sobre implementa\u00e7\u00e3o da BNCC e a constru\u00e7\u00e3o do Curr\u00edculo de Mato Grosso Sul.<\/p>\n<p>&nbsp;<\/p>\n<p>O objetivo \u00e9 promover uma discuss\u00e3o territorial sobre a estrutura e as compet\u00eancias da BNCC envolvendo secretarias e coordenadores pedag\u00f3gicos, para elabora\u00e7\u00e3o de um documento que auxilie na constru\u00e7\u00e3o coletiva da parte diversificada do Curr\u00edculo de MS.<\/p>\n<p>&nbsp;<\/p>\n<p>O evento acontecer\u00e1 no Audit\u00f3rio da Unidade III- UFMS, \u00e0s 14 horas, e contar\u00e1 com a participa\u00e7\u00e3o dos coordenadores das redes p\u00fablicas e privada que ofertam a Educa\u00e7\u00e3o Infantil e o Ensino Fundamental de Corumb\u00e1 e Lad\u00e1rio.<\/p>\n","protected":false},"excerpt":{"rendered":"<p>A Comiss\u00e3o Regional da Base Nacional Comum Curricular (BNCC) de Corumb\u00e1 e Lad\u00e1rio, por meio&#8230;<\/p>\n","protected":false},"author":1,"featured_media":0,"comment_status":"closed","ping_status":"closed","sticky":false,"template":"","format":"standard","meta":{"footnotes":""},"categories":[10],"tags":[],"class_list":["post-16713","post","type-post","status-publish","format-standard","hentry","category-educacao"],"_links":{"self":[{"href":"https:\/\/www.corumbaonline.com.br\/news\/wp-json\/wp\/v2\/posts\/16713","targetHints":{"allow":["GET"]}}],"collection":[{"href":"https:\/\/www.corumbaonline.com.br\/news\/wp-json\/wp\/v2\/posts"}],"about":[{"href":"https:\/\/www.corumbaonline.com.br\/news\/wp-json\/wp\/v2\/types\/post"}],"author":[{"embeddable":true,"href":"https:\/\/www.corumbaonline.com.br\/news\/wp-json\/wp\/v2\/users\/1"}],"replies":[{"embeddable":true,"href":"https:\/\/www.corumbaonline.com.br\/news\/wp-json\/wp\/v2\/comments?post=16713"}],"version-history":[{"count":1,"href":"https:\/\/www.corumbaonline.com.br\/news\/wp-json\/wp\/v2\/posts\/16713\/revisions"}],"predecessor-version":[{"id":16718,"href":"https:\/\/www.corumbaonline.com.br\/news\/wp-json\/wp\/v2\/posts\/16713\/revisions\/16718"}],"wp:attachment":[{"href":"https:\/\/www.corumbaonline.com.br\/news\/wp-json\/wp\/v2\/media?parent=16713"}],"wp:term":[{"taxonomy":"category","embeddable":true,"href":"https:\/\/www.corumbaonline.com.br\/news\/wp-json\/wp\/v2\/categories?post=16713"},{"taxonomy":"post_tag","embeddable":true,"href":"https:\/\/www.corumbaonline.com.br\/news\/wp-json\/wp\/v2\/tags?post=16713"}],"curies":[{"name":"wp","href":"https:\/\/api.w.org\/{rel}","templated":true}]}}