{"id":16714,"date":"2018-04-27T14:35:47","date_gmt":"2018-04-27T18:35:47","guid":{"rendered":"http:\/\/www.corumbaonline.com.br\/news\/?p=16714"},"modified":"2018-04-27T12:54:58","modified_gmt":"2018-04-27T16:54:58","slug":"sesc-corumba-tera-oficina-de-poesia-no-dia-27-de-abril-2","status":"publish","type":"post","link":"https:\/\/www.corumbaonline.com.br\/news\/sesc-corumba-tera-oficina-de-poesia-no-dia-27-de-abril-2\/","title":{"rendered":"Oficina de poesia come\u00e7a \u00e0s 17h30 no Sesc Corumb\u00e1"},"content":{"rendered":"<p>Nesta sexta-feira, 27 de abril, o Sesc promover\u00e1 a oficina \u201cA poesia vem daqui\u201d, ministrada pelo poeta S\u00e1 J\u00fanior da Cruz Lopes. A a\u00e7\u00e3o come\u00e7a \u00e0s 17h30 e para participar \u00e9 necess\u00e1rio levar um kit de higiene pessoal com 02 sabonetes, 01 bisnaga de pasta dente e 01 escova de dente, que ser\u00e3o doados ao Programa Mesa Brasil.<\/p>\n<p>Dentre os conte\u00fados abrangidos na oficina est\u00e3o os g\u00eaneros de poesia e a poesia regional e como produzir poesias. A proposta \u00e9 uma a\u00e7\u00e3o interativa que vai provocar sentidos e percep\u00e7\u00f5es para produ\u00e7\u00e3o a partir de m\u00fasicas, textos, livros e din\u00e2micas.<\/p>\n<p>O ministrante explica que s\u00e3o dois os objetivos da oficina: promover um contato diferenciado com a poesia, fugindo do senso comum e motivar os participantes a lerem e a produzirem mais.<\/p>\n<p>\u201cAl\u00e9m de tudo isso, demonstrar a for\u00e7a da literatura regional e incentiv\u00e1-los a se tornar novos produtores de poesia e arte em geral\u201d.<\/p>\n<p>Sobre o ministrante \u2013 Com dois livros lan\u00e7ados, S\u00e1 J\u00fanior da Cruz Lopes, que \u00e9 natural da cidade de Coxim, mas crescido e criado na cidade de Rio Verde de Mato Grosso (MS), tamb\u00e9m atua na \u00e1rea musical na qual j\u00e1 comp\u00f4s mais de oito can\u00e7\u00f5es em parceiras com artista sul-mato-grossenses.\u00a0 No ano de 2015 foi selecionado pelo Projeto Janela Dramaturgia com o texto \u201cQuem caiu no po\u00e7o\u201d.<\/p>\n","protected":false},"excerpt":{"rendered":"<p>Nesta sexta-feira, 27 de abril, o Sesc promover\u00e1 a oficina \u201cA poesia vem daqui\u201d, ministrada&#8230;<\/p>\n","protected":false},"author":1,"featured_media":0,"comment_status":"closed","ping_status":"closed","sticky":false,"template":"","format":"standard","meta":{"footnotes":""},"categories":[7],"tags":[],"class_list":["post-16714","post","type-post","status-publish","format-standard","hentry","category-cultura"],"_links":{"self":[{"href":"https:\/\/www.corumbaonline.com.br\/news\/wp-json\/wp\/v2\/posts\/16714","targetHints":{"allow":["GET"]}}],"collection":[{"href":"https:\/\/www.corumbaonline.com.br\/news\/wp-json\/wp\/v2\/posts"}],"about":[{"href":"https:\/\/www.corumbaonline.com.br\/news\/wp-json\/wp\/v2\/types\/post"}],"author":[{"embeddable":true,"href":"https:\/\/www.corumbaonline.com.br\/news\/wp-json\/wp\/v2\/users\/1"}],"replies":[{"embeddable":true,"href":"https:\/\/www.corumbaonline.com.br\/news\/wp-json\/wp\/v2\/comments?post=16714"}],"version-history":[{"count":1,"href":"https:\/\/www.corumbaonline.com.br\/news\/wp-json\/wp\/v2\/posts\/16714\/revisions"}],"predecessor-version":[{"id":16715,"href":"https:\/\/www.corumbaonline.com.br\/news\/wp-json\/wp\/v2\/posts\/16714\/revisions\/16715"}],"wp:attachment":[{"href":"https:\/\/www.corumbaonline.com.br\/news\/wp-json\/wp\/v2\/media?parent=16714"}],"wp:term":[{"taxonomy":"category","embeddable":true,"href":"https:\/\/www.corumbaonline.com.br\/news\/wp-json\/wp\/v2\/categories?post=16714"},{"taxonomy":"post_tag","embeddable":true,"href":"https:\/\/www.corumbaonline.com.br\/news\/wp-json\/wp\/v2\/tags?post=16714"}],"curies":[{"name":"wp","href":"https:\/\/api.w.org\/{rel}","templated":true}]}}