{"id":16716,"date":"2018-04-27T14:57:07","date_gmt":"2018-04-27T18:57:07","guid":{"rendered":"http:\/\/www.corumbaonline.com.br\/news\/?p=16716"},"modified":"2018-04-27T13:00:07","modified_gmt":"2018-04-27T17:00:07","slug":"apos-22-anos-iniesta-confirma-saida-do-barcelona-ao-fim-da-temporada","status":"publish","type":"post","link":"https:\/\/www.corumbaonline.com.br\/news\/apos-22-anos-iniesta-confirma-saida-do-barcelona-ao-fim-da-temporada\/","title":{"rendered":"Ap\u00f3s 22 anos, Iniesta confirma sa\u00edda do Barcelona ao fim da temporada"},"content":{"rendered":"<p class=\"text\">Como era especulado, Andr\u00e9s Iniesta anunciou nesta sexta-feira que deixar\u00e1 o Barcelona ap\u00f3s o fim da temporada. Muito emocionado, o meia, de 33 anos, fez um pronunciamento confirmando a decis\u00e3o.<\/p>\n<p>&#8211; Essa coletiva \u00e9 para tornar p\u00fablica a decis\u00e3o de que esta temporada \u00e9 a \u00faltima aqui. Foi uma decis\u00e3o muito meditada, muito pensada em n\u00edvel interno, comigo mesmo, em n\u00edvel familiar &#8211; declarou Iniesta, que estava ao lado de familiares, jogadores e dirigentes.<\/p>\n<p>Em outubro do ano passado, Iniesta assinou um contrato vital\u00edcio com o Barcelona, que acabou n\u00e3o durando mais de uma temporada. O jogador, ap\u00f3s 22 anos no clube, entendeu que j\u00e1 n\u00e3o poderia &#8220;dar o melhor&#8221; futebol \u00e0 equipe e aos torcedores, e afirmou que gostaria de encerrar a carreira no Camp Nou.<\/p>\n<p>&#8211; \u00c9 muito complicado. Mas entendo que pela lei da vida, o que vem adiante ser\u00e1 cada vez mais complicado e mais dif\u00edcil. Portanto, n\u00e3o me permitiria viver uma situa\u00e7\u00e3o inc\u00f4moda no clube que me deu tudo. Acho que n\u00e3o mere\u00e7o, e o clube tampouco.<\/p>\n<p>O pronunciamento veio ap\u00f3s Iniesta treinar com os compannheiros, em prepara\u00e7\u00e3o para a partida contra o Deportivo La Coru\u00f1a, no domingo, \u00e0s 15h45 (de Bras\u00edlia). Em caso de vit\u00f3ria, os catal\u00e3es conquistam antecipadamente o t\u00edtulo do Campeonato Espanhol.<\/p>\n<figure style=\"width: 600px\" class=\"wp-caption alignnone\"><img loading=\"lazy\" decoding=\"async\" class=\"i-amphtml-fill-content i-amphtml-replaced-content\" title=\"LANCE!\" src=\"https:\/\/p2.trrsf.com\/image\/fget\/cf\/600\/400\/images.terra.com\/2018\/04\/27\/5ae3181d3efb6.jpeg\" alt=\"Iniesta anunciou fim do ciclo no Barcelona (Foto: Pau Barrena \/ AFP)\" width=\"600\" height=\"400\" \/><figcaption class=\"wp-caption-text\">Iniesta anunciou fim do ciclo no Barcelona (Foto: Pau Barrena \/ AFP)<\/figcaption><\/figure>\n<div class=\"imageInfo\">\n<div class=\"caption\">\n<p class=\"text\">Iniesta deve ir para o futebol chin\u00eas (Foto: Pau Barrena \/ AFP)<\/p>\n<\/div>\n<\/div>\n","protected":false},"excerpt":{"rendered":"<p>Como era especulado, Andr\u00e9s Iniesta anunciou nesta sexta-feira que deixar\u00e1 o Barcelona ap\u00f3s o fim&#8230;<\/p>\n","protected":false},"author":1,"featured_media":0,"comment_status":"closed","ping_status":"closed","sticky":false,"template":"","format":"standard","meta":{"footnotes":""},"categories":[11],"tags":[],"class_list":["post-16716","post","type-post","status-publish","format-standard","hentry","category-esporte"],"_links":{"self":[{"href":"https:\/\/www.corumbaonline.com.br\/news\/wp-json\/wp\/v2\/posts\/16716","targetHints":{"allow":["GET"]}}],"collection":[{"href":"https:\/\/www.corumbaonline.com.br\/news\/wp-json\/wp\/v2\/posts"}],"about":[{"href":"https:\/\/www.corumbaonline.com.br\/news\/wp-json\/wp\/v2\/types\/post"}],"author":[{"embeddable":true,"href":"https:\/\/www.corumbaonline.com.br\/news\/wp-json\/wp\/v2\/users\/1"}],"replies":[{"embeddable":true,"href":"https:\/\/www.corumbaonline.com.br\/news\/wp-json\/wp\/v2\/comments?post=16716"}],"version-history":[{"count":1,"href":"https:\/\/www.corumbaonline.com.br\/news\/wp-json\/wp\/v2\/posts\/16716\/revisions"}],"predecessor-version":[{"id":16717,"href":"https:\/\/www.corumbaonline.com.br\/news\/wp-json\/wp\/v2\/posts\/16716\/revisions\/16717"}],"wp:attachment":[{"href":"https:\/\/www.corumbaonline.com.br\/news\/wp-json\/wp\/v2\/media?parent=16716"}],"wp:term":[{"taxonomy":"category","embeddable":true,"href":"https:\/\/www.corumbaonline.com.br\/news\/wp-json\/wp\/v2\/categories?post=16716"},{"taxonomy":"post_tag","embeddable":true,"href":"https:\/\/www.corumbaonline.com.br\/news\/wp-json\/wp\/v2\/tags?post=16716"}],"curies":[{"name":"wp","href":"https:\/\/api.w.org\/{rel}","templated":true}]}}