{"id":16726,"date":"2018-04-30T09:00:51","date_gmt":"2018-04-30T13:00:51","guid":{"rendered":"http:\/\/www.corumbaonline.com.br\/news\/?p=16726"},"modified":"2018-04-30T10:09:29","modified_gmt":"2018-04-30T14:09:29","slug":"prazo-para-enviar-declaracao-do-imposto-de-renda-termina-hoje","status":"publish","type":"post","link":"https:\/\/www.corumbaonline.com.br\/news\/prazo-para-enviar-declaracao-do-imposto-de-renda-termina-hoje\/","title":{"rendered":"Prazo para enviar declara\u00e7\u00e3o do Imposto de Renda termina hoje"},"content":{"rendered":"<p>Os contribuintes que ainda n\u00e3o acertaram as contas com o Fisco devem correr. Acaba\u00a0<span id=\"OBJ_PREFIX_DWT282_com_zimbra_date\">hoje<\/span>\u00a0(30), \u00e0s 23h59min59s, o prazo para enviar a Declara\u00e7\u00e3o do Imposto de Renda Pessoa F\u00edsica. Quem n\u00e3o entregar a declara\u00e7\u00e3o a tempo pagar\u00e1 multa.<\/p>\n<p>Neste ano, a Receita Federal espera receber 28,8 milh\u00f5es de documentos. Segundo os dados mais recentes do \u00f3rg\u00e3o, 24.895.403 contribuintes tinham enviado a declara\u00e7\u00e3o at\u00e9 as 16h de\u00a0<span id=\"OBJ_PREFIX_DWT283_com_zimbra_date\">ontem<\/span>\u00a0(29), o que equivalia a 87% do total.<\/p>\n<div class=\"dnd-widget-wrapper context-cheio_8colunas type-image\">\n<div class=\"dnd-atom-rendered\">\n<figure class=\"mejs-fotoh-wrapper\"><img decoding=\"async\" class=\"img-responsive full full\" title=\"Termina prazo para declara\u00e7\u00e3o do Imposto de Renda\n\/(Arquivo\/Ag\u00eancia  Brasil)\" src=\"http:\/\/imagens.ebc.com.br\/8VH18ri_5tneeNvKDidRQ-h5_IQ=\/754x0\/smart\/http:\/\/agenciabrasil.ebc.com.br\/sites\/default\/files\/thumbnails\/image\/termina_prazo_para_declarar_ir.jpg?itok=VGBdIsIj\" alt=\"Termina prazo para declara\u00e7\u00e3o do Imposto de Renda\n\" \/><\/figure>\n<\/div>\n<div class=\"dnd-caption-wrapper\">\n<div class=\"meta\">Site da Receita Federal (Arquivo\/Ag\u00eancia Brasil)<\/div>\n<\/div>\n<\/div>\n<p>O prazo para a entrega da declara\u00e7\u00e3o come\u00e7ou em 1\u00ba de mar\u00e7o. O programa de preenchimento da declara\u00e7\u00e3o do Imposto de Renda da Pessoa F\u00edsica de 2018, ano base 2017, est\u00e1 dispon\u00edvel no\u00a0<a href=\"http:\/\/www.receita.fazenda.gov.br\/\" target=\"_blank\" rel=\"noopener noreferrer\"><em>site<\/em>\u00a0da Receita Federal<\/a>. A multa para quem apresentar a declara\u00e7\u00e3o depois da data limite corresponde a 1% por m\u00eas de atraso, com valor m\u00ednimo de R$ 165,74 e m\u00e1ximo de 20% sobre o imposto devido.<\/p>\n<p><strong>Quem deve declarar<\/strong><\/p>\n<p>Est\u00e1 obrigado a declarar quem recebeu rendimentos tribut\u00e1veis, em 2017, em valores superiores a R$ 28.559,70. No caso da atividade rural, deve declarar quem teve receita bruta acima R$ 142.798,50.<\/p>\n<p>A declara\u00e7\u00e3o poder\u00e1 ser preenchida por meio do programa baixado no computador ou do aplicativo Meu Imposto de Renda para tablets e celulares. Por meio do aplicativo, \u00e9 poss\u00edvel ainda fazer retifica\u00e7\u00f5es depois do envio da declara\u00e7\u00e3o.<\/p>\n<p>Outra op\u00e7\u00e3o \u00e9 mediante acesso ao servi\u00e7o Meu Imposto de Renda, dispon\u00edvel no\u00a0<a href=\"http:\/\/idg.receita.fazenda.gov.br\/interface\/atendimento-virtual\" target=\"_blank\" rel=\"noopener noreferrer\">Centro Virtual de Atendimento<\/a>\u00a0(e-CAC), no\u00a0<em>site<\/em>\u00a0da Receita, com uso de certificado digital.<\/p>\n<p>Tamb\u00e9m est\u00e3o obrigadas a declarar as pessoas f\u00edsicas residentes no Brasil que receberam rendimentos isentos, n\u00e3o tribut\u00e1veis ou tributados exclusivamente na fonte, cuja soma foi superior a R$ 40 mil; que obtiveram, em qualquer m\u00eas, ganho de capital na aliena\u00e7\u00e3o de bens e direitos, sujeito \u00e0 incid\u00eancia do imposto ou que realizaram opera\u00e7\u00f5es em bolsas de valores; que pretendem compensar preju\u00edzos com a atividade rural; que tiveram, em\u00a0<span id=\"OBJ_PREFIX_DWT286_com_zimbra_date\">31 de dezembro<\/span>\u00a0de 2017, a posse ou a propriedade de bens e direitos, inclusive terra nua, de valor total superior a R$ 300 mil; que passaram \u00e0 condi\u00e7\u00e3o de residentes no Brasil em qualquer m\u00eas e assim se encontravam em\u00a0<span id=\"OBJ_PREFIX_DWT287_com_zimbra_date\">31 de dezembro<\/span>; ou que optaram pela isen\u00e7\u00e3o do IR incidente sobre o ganho de capital com a venda de im\u00f3veis residenciais para a compra de outro im\u00f3vel no pa\u00eds, no prazo de 180 dias contados do contrato de venda.<\/p>\n<p><strong>Dedu\u00e7\u00f5es<\/strong><\/p>\n<p>As dedu\u00e7\u00f5es por dependente est\u00e3o limitadas a R$ 2.275,08. As despesas com educa\u00e7\u00e3o t\u00eam limite individual anual de R$ 3.561,50. A dedu\u00e7\u00e3o de gastos com empregadas\u00a0<span id=\"OBJ_PREFIX_DWT288_com_zimbra_date\">dom<\/span>\u00e9sticas \u00e9 de R$ 1.171,84.<\/p>\n<p><strong>Novidades deste ano<\/strong><\/p>\n<p>O painel inicial do sistema tem informa\u00e7\u00f5es das fichas que podem ser mais relevantes para o contribuinte durante o preenchimento da declara\u00e7\u00e3o.<\/p>\n<p>Neste ano, \u00e9 obrigat\u00f3ria a apresenta\u00e7\u00e3o do CPF para dependentes a partir de 8 anos, completados at\u00e9 o dia\u00a0<span id=\"OBJ_PREFIX_DWT289_com_zimbra_date\">31 de dezembro<\/span>\u00a0de 2017.<\/p>\n<p>Na declara\u00e7\u00e3o de bens, foram inclu\u00eddos campos para informa\u00e7\u00f5es complementares, como n\u00fameros e registros, localiza\u00e7\u00e3o e n\u00famero do Registro Nacional de Ve\u00edculo (Renavam).<\/p>\n<p>Tamb\u00e9m foi inclu\u00edda a informa\u00e7\u00e3o sobre a al\u00edquota efetiva utilizada no c\u00e1lculo da apura\u00e7\u00e3o do imposto.<\/p>\n<p>Outra mudan\u00e7a foi a possibilidade de impress\u00e3o do Documento de Arrecada\u00e7\u00e3o de Receitas Federais (Darf) para pagamento de todas as cotas do imposto, inclusive as que est\u00e3o em atraso.<\/p>\n","protected":false},"excerpt":{"rendered":"<p>Os contribuintes que ainda n\u00e3o acertaram as contas com o Fisco devem correr. Acaba\u00a0hoje\u00a0(30), \u00e0s&#8230;<\/p>\n","protected":false},"author":1,"featured_media":0,"comment_status":"closed","ping_status":"closed","sticky":false,"template":"","format":"standard","meta":{"footnotes":""},"categories":[9],"tags":[],"class_list":["post-16726","post","type-post","status-publish","format-standard","hentry","category-economia"],"_links":{"self":[{"href":"https:\/\/www.corumbaonline.com.br\/news\/wp-json\/wp\/v2\/posts\/16726","targetHints":{"allow":["GET"]}}],"collection":[{"href":"https:\/\/www.corumbaonline.com.br\/news\/wp-json\/wp\/v2\/posts"}],"about":[{"href":"https:\/\/www.corumbaonline.com.br\/news\/wp-json\/wp\/v2\/types\/post"}],"author":[{"embeddable":true,"href":"https:\/\/www.corumbaonline.com.br\/news\/wp-json\/wp\/v2\/users\/1"}],"replies":[{"embeddable":true,"href":"https:\/\/www.corumbaonline.com.br\/news\/wp-json\/wp\/v2\/comments?post=16726"}],"version-history":[{"count":1,"href":"https:\/\/www.corumbaonline.com.br\/news\/wp-json\/wp\/v2\/posts\/16726\/revisions"}],"predecessor-version":[{"id":16727,"href":"https:\/\/www.corumbaonline.com.br\/news\/wp-json\/wp\/v2\/posts\/16726\/revisions\/16727"}],"wp:attachment":[{"href":"https:\/\/www.corumbaonline.com.br\/news\/wp-json\/wp\/v2\/media?parent=16726"}],"wp:term":[{"taxonomy":"category","embeddable":true,"href":"https:\/\/www.corumbaonline.com.br\/news\/wp-json\/wp\/v2\/categories?post=16726"},{"taxonomy":"post_tag","embeddable":true,"href":"https:\/\/www.corumbaonline.com.br\/news\/wp-json\/wp\/v2\/tags?post=16726"}],"curies":[{"name":"wp","href":"https:\/\/api.w.org\/{rel}","templated":true}]}}