{"id":16735,"date":"2018-04-30T09:52:02","date_gmt":"2018-04-30T13:52:02","guid":{"rendered":"http:\/\/www.corumbaonline.com.br\/news\/?p=16735"},"modified":"2018-04-30T10:51:48","modified_gmt":"2018-04-30T14:51:48","slug":"estado-pretende-imunizar-pelo-menos-90-do-publico-alvo-contra-a-influenza","status":"publish","type":"post","link":"https:\/\/www.corumbaonline.com.br\/news\/estado-pretende-imunizar-pelo-menos-90-do-publico-alvo-contra-a-influenza\/","title":{"rendered":"Estado pretende imunizar, pelo menos, 90% do p\u00fablico-alvo contra a Influenza"},"content":{"rendered":"<p>Com 300 mil doses j\u00e1 entregues pelo Minist\u00e9rio da Sa\u00fade, Mato Grosso do Sul abriu oficialmente, na semana passada (23.4), a 20\u00aa Campanha Nacional de Vacina\u00e7\u00e3o contra a Influenza.<\/p>\n<p>A meta \u00e9 vacinar pelo menos 90% do p\u00fablico-alvo, o que representa 663.656 pessoas em Mato Grosso do Sul. Para o secret\u00e1rio de Estado de Sa\u00fade, Carlos Alberto Coimbra, que participou da abertura da campanha realizada no Hospital Regional de Mato Grosso do Sul (HRMS), a imuniza\u00e7\u00e3o desse quantitativo vai depender da \u201cconsci\u00eancia do grupo de risco\u201d.<\/p>\n<p>\u201cAs pessoas precisam se conscientizar, cuidar mais da sa\u00fade e se vacinar. O p\u00fablico alvo s\u00e3o aquelas pessoas mais vulner\u00e1veis e que precisam estar atentas a essa gripe\u201d, afirmou.<\/p>\n<p>O Estado recebeu 430 mil doses. Ao todo, ser\u00e3o enviadas 811 mil doses da vacina, quantidade mais do que suficiente para imunizar o p\u00fablico-alvo do Estado, conforme explicou o secret\u00e1rio da SES.<\/p>\n<p><strong>P\u00fablico-alvo<\/strong><\/p>\n<p>Fazem parte do p\u00fablico-alvo 737.395 pessoas e, de\u00a0acordo com o escalonamento da entrega da vacina feito pelo Minist\u00e9rio da Sa\u00fade, o in\u00edcio da campanha deve ser para os grupos priorit\u00e1rios que s\u00e3o:<\/p>\n<ul>\n<li>profissionais da sa\u00fade<\/li>\n<li>crian\u00e7as de seis meses a menores de cinco anos (4 anos, 11 meses e 29 dias);<\/li>\n<li>gestantes, pu\u00e9rperas;<\/li>\n<li>professores.<\/li>\n<\/ul>\n<p>A partir do dia 12 de maio a vacina\u00e7\u00e3o ser\u00e1 estendida para:<\/p>\n<ul>\n<li>indiv\u00edduos com 60 anos ou mais.<\/li>\n<\/ul>\n<p>Para os demais grupos, a campanha estar\u00e1 dispon\u00edvel a partir do dia 21 de maio:<\/p>\n<ul>\n<li>povos ind\u00edgenas;<\/li>\n<li>adolescentes e jovens de 12 a 21 anos sob medidas socioeducativas, popula\u00e7\u00e3o carcer\u00e1ria e funcion\u00e1rios do sistema prisional;<\/li>\n<li>pessoas portadoras de doen\u00e7as cr\u00f4nicas n\u00e3o transmiss\u00edveis e outras condi\u00e7\u00f5es cl\u00ednicas especiais independente da idade.<\/li>\n<\/ul>\n<p>A campanha da vacina\u00e7\u00e3o vai at\u00e9 o dia 1\u00b0 de junho, sendo 12 de maio o Dia de Mobiliza\u00e7\u00e3o Nacional \u2013 Dia D. A SES \u00e9 respons\u00e1vel pela distribui\u00e7\u00e3o e orienta\u00e7\u00e3o aos munic\u00edpios.<\/p>\n","protected":false},"excerpt":{"rendered":"<p>Com 300 mil doses j\u00e1 entregues pelo Minist\u00e9rio da Sa\u00fade, Mato Grosso do Sul abriu&#8230;<\/p>\n","protected":false},"author":1,"featured_media":16737,"comment_status":"closed","ping_status":"closed","sticky":false,"template":"","format":"standard","meta":{"footnotes":""},"categories":[8,21],"tags":[],"class_list":["post-16735","post","type-post","status-publish","format-standard","has-post-thumbnail","hentry","category-destaque","category-saude"],"_links":{"self":[{"href":"https:\/\/www.corumbaonline.com.br\/news\/wp-json\/wp\/v2\/posts\/16735","targetHints":{"allow":["GET"]}}],"collection":[{"href":"https:\/\/www.corumbaonline.com.br\/news\/wp-json\/wp\/v2\/posts"}],"about":[{"href":"https:\/\/www.corumbaonline.com.br\/news\/wp-json\/wp\/v2\/types\/post"}],"author":[{"embeddable":true,"href":"https:\/\/www.corumbaonline.com.br\/news\/wp-json\/wp\/v2\/users\/1"}],"replies":[{"embeddable":true,"href":"https:\/\/www.corumbaonline.com.br\/news\/wp-json\/wp\/v2\/comments?post=16735"}],"version-history":[{"count":1,"href":"https:\/\/www.corumbaonline.com.br\/news\/wp-json\/wp\/v2\/posts\/16735\/revisions"}],"predecessor-version":[{"id":16738,"href":"https:\/\/www.corumbaonline.com.br\/news\/wp-json\/wp\/v2\/posts\/16735\/revisions\/16738"}],"wp:featuredmedia":[{"embeddable":true,"href":"https:\/\/www.corumbaonline.com.br\/news\/wp-json\/wp\/v2\/media\/16737"}],"wp:attachment":[{"href":"https:\/\/www.corumbaonline.com.br\/news\/wp-json\/wp\/v2\/media?parent=16735"}],"wp:term":[{"taxonomy":"category","embeddable":true,"href":"https:\/\/www.corumbaonline.com.br\/news\/wp-json\/wp\/v2\/categories?post=16735"},{"taxonomy":"post_tag","embeddable":true,"href":"https:\/\/www.corumbaonline.com.br\/news\/wp-json\/wp\/v2\/tags?post=16735"}],"curies":[{"name":"wp","href":"https:\/\/api.w.org\/{rel}","templated":true}]}}