{"id":16741,"date":"2018-04-30T10:26:44","date_gmt":"2018-04-30T14:26:44","guid":{"rendered":"http:\/\/www.corumbaonline.com.br\/news\/?p=16741"},"modified":"2018-04-30T11:16:36","modified_gmt":"2018-04-30T15:16:36","slug":"contas-publicas-tem-saldo-negativo-recorde-para-marco","status":"publish","type":"post","link":"https:\/\/www.corumbaonline.com.br\/news\/contas-publicas-tem-saldo-negativo-recorde-para-marco\/","title":{"rendered":"Contas p\u00fablicas t\u00eam saldo negativo recorde para mar\u00e7o"},"content":{"rendered":"<p>O setor p\u00fablico consolidado, formado pela Uni\u00e3o,\u00a0 estados e munic\u00edpios, registrou saldo negativo nas contas p\u00fablicas em mar\u00e7o, segundo dados do Banco Central (BC), divulgados hoje (30), em Bras\u00edlia.<\/p>\n<p>O d\u00e9ficit prim\u00e1rio, receitas menos despesas, sem considerar os gastos com juros, ficou em R$ 25,135 bilh\u00f5es. No mesmo m\u00eas de 2017, o resultado negativo foi de R$ 11,047 bilh\u00f5es.<\/p>\n<div class=\"dnd-widget-wrapper context-cheio_8colunas type-image\">\n<div class=\"dnd-atom-rendered\">\n<figure class=\"mejs-fotoh-wrapper\"><img decoding=\"async\" class=\"img-responsive full full\" title=\"dinheiro\/Agencia Brasil\" src=\"http:\/\/imagens.ebc.com.br\/kwkBCOn4jf_eCEIHQN3TdrFNccU=\/754x0\/smart\/http:\/\/agenciabrasil.ebc.com.br\/sites\/default\/files\/atoms\/image\/notas_real_50_2_de_1.jpg?itok=EMPtWB5n\" alt=\"dinheiro\" \/><\/figure>\n<\/div>\n<div class=\"dnd-caption-wrapper\">\n<div class=\"meta\">O d\u00e9ficit prim\u00e1rio, receitas menos despesas, sem considerar os gastos com juros, ficou em R$ 25,135 bilh\u00f5es (Arquivo\/Ag\u00eancia Brasil)<\/div>\n<\/div>\n<\/div>\n<p>O resultado do m\u00eas passado foi pior para mar\u00e7o na s\u00e9rie hist\u00f3rica do BC, iniciada em dezembro de 2001.<\/p>\n<p>O Governo Central (Previd\u00eancia, Banco Central e Tesouro Nacional) foi o respons\u00e1vel pelo saldo negativo, ao registrar d\u00e9ficit prim\u00e1rio de R$ 25,531 bilh\u00f5es em mar\u00e7o. J\u00e1 os governos estaduais tiveram super\u00e1vit prim\u00e1rio de R$ 291 milh\u00f5es, e os municipais, saldo tamb\u00e9m positivo de R$ 261 milh\u00f5es.<\/p>\n<p>As empresas estatais federais, estaduais e municipais, exclu\u00eddas as dos grupos Petrobras e Eletrobras, acusaram d\u00e9ficit prim\u00e1rio de R$ 156 milh\u00f5es no m\u00eas passado.<\/p>\n<h2><strong>Super\u00e1vit prim\u00e1rio<\/strong><\/h2>\n<p>No primeiro trimestre, houve super\u00e1vit prim\u00e1rio de R$ 4,391 bilh\u00f5es contra o resultado positivo de R$ 2,197 bilh\u00f5es em igual per\u00edodo de 2017. Em 12 meses encerrados em mar\u00e7o, as contas p\u00fablicas est\u00e3o com saldo negativo de R$ 108,389 bilh\u00f5es, o que corresponde a 1,64% do Produto Interno Bruto (PIB), a soma de todos os bens e servi\u00e7os produzidos no pa\u00eds. A meta para o setor p\u00fablico consolidado \u00e9 de um d\u00e9ficit de R$ 161,3 bilh\u00f5es neste ano.<\/p>\n<p>Os gastos com juros ficaram em R$ 32,496 bilh\u00f5es em mar\u00e7o, contra R$ 43,302 bilh\u00f5es no mesmo m\u00eas de 2017. No primeiro trimestre, essas despesas chegaram a R$ 89,202 bilh\u00f5es, contra R$ 110,490 bilh\u00f5es de igual per\u00edodo de 2017. Em 12 meses encerrados em mar\u00e7o, os gastos com juros somaram R$ 379,538 bilh\u00f5es, o que corresponde a 5,73% do PIB.<\/p>\n<p>O d\u00e9ficit nominal, formado pelo resultado prim\u00e1rio e os resultados dos juros, atingiu R$ 57,631 bilh\u00f5es no m\u00eas passado ante R$ 54,349 bilh\u00f5es de mar\u00e7o de 2017. De janeiro a mar\u00e7o, o resultado ficou negativo em R$ 84,811 bilh\u00f5es, ante R$ 108,293 bilh\u00f5es de igual per\u00edodo do ano passado. Em 12 meses encerrados em mar\u00e7o, o d\u00e9ficit nominal foi de R$ 487,927 bilh\u00f5es, o que corresponde a 7,37% do PIB.<\/p>\n<h2><strong>D\u00edvida p\u00fablica<\/strong><\/h2>\n<p>A d\u00edvida l\u00edquida do setor p\u00fablico (balan\u00e7o entre o total de cr\u00e9ditos e d\u00e9bitos dos governos federal, estaduais e municipais) chegou a R$ 3,463 trilh\u00f5es em mar\u00e7o, o que corresponde 52,3% do PIB, com aumento de 0,3 ponto percentual em rela\u00e7\u00e3o a fevereiro.<\/p>\n<p>A d\u00edvida bruta \u2013 que contabiliza apenas os passivos dos governos federal, estaduais e municipais &#8211; atingiu R$ 4,984 trilh\u00f5es ou 75,3% do PIB, contra 75,1% registrados em fevereiro.<\/p>\n","protected":false},"excerpt":{"rendered":"<p>O setor p\u00fablico consolidado, formado pela Uni\u00e3o,\u00a0 estados e munic\u00edpios, registrou saldo negativo nas contas&#8230;<\/p>\n","protected":false},"author":1,"featured_media":0,"comment_status":"closed","ping_status":"closed","sticky":false,"template":"","format":"standard","meta":{"footnotes":""},"categories":[9],"tags":[],"class_list":["post-16741","post","type-post","status-publish","format-standard","hentry","category-economia"],"_links":{"self":[{"href":"https:\/\/www.corumbaonline.com.br\/news\/wp-json\/wp\/v2\/posts\/16741","targetHints":{"allow":["GET"]}}],"collection":[{"href":"https:\/\/www.corumbaonline.com.br\/news\/wp-json\/wp\/v2\/posts"}],"about":[{"href":"https:\/\/www.corumbaonline.com.br\/news\/wp-json\/wp\/v2\/types\/post"}],"author":[{"embeddable":true,"href":"https:\/\/www.corumbaonline.com.br\/news\/wp-json\/wp\/v2\/users\/1"}],"replies":[{"embeddable":true,"href":"https:\/\/www.corumbaonline.com.br\/news\/wp-json\/wp\/v2\/comments?post=16741"}],"version-history":[{"count":1,"href":"https:\/\/www.corumbaonline.com.br\/news\/wp-json\/wp\/v2\/posts\/16741\/revisions"}],"predecessor-version":[{"id":16742,"href":"https:\/\/www.corumbaonline.com.br\/news\/wp-json\/wp\/v2\/posts\/16741\/revisions\/16742"}],"wp:attachment":[{"href":"https:\/\/www.corumbaonline.com.br\/news\/wp-json\/wp\/v2\/media?parent=16741"}],"wp:term":[{"taxonomy":"category","embeddable":true,"href":"https:\/\/www.corumbaonline.com.br\/news\/wp-json\/wp\/v2\/categories?post=16741"},{"taxonomy":"post_tag","embeddable":true,"href":"https:\/\/www.corumbaonline.com.br\/news\/wp-json\/wp\/v2\/tags?post=16741"}],"curies":[{"name":"wp","href":"https:\/\/api.w.org\/{rel}","templated":true}]}}