{"id":16785,"date":"2018-05-02T09:31:18","date_gmt":"2018-05-02T13:31:18","guid":{"rendered":"http:\/\/www.corumbaonline.com.br\/news\/?p=16785"},"modified":"2018-05-02T10:11:07","modified_gmt":"2018-05-02T14:11:07","slug":"prazo-de-adesao-ao-refis-de-micro-e-pequenas-empresas-comeca-hoje","status":"publish","type":"post","link":"https:\/\/www.corumbaonline.com.br\/news\/prazo-de-adesao-ao-refis-de-micro-e-pequenas-empresas-comeca-hoje\/","title":{"rendered":"Prazo de ades\u00e3o ao Refis de micro e pequenas empresas come\u00e7a hoje"},"content":{"rendered":"<p>A partir de hoje (2), micro e pequenos empres\u00e1rios que est\u00e3o em d\u00edvida com a Uni\u00e3o podem aderir ao Programa Especial de Regulariza\u00e7\u00e3o Tribut\u00e1ria das Microempresas e Empresas de Pequeno Porte (Refis). A iniciativa oferece o parcelamento da d\u00edvida e descontos de at\u00e9 90% sobre atrasos, de acordo com a modalidade de ades\u00e3o.<\/p>\n<p>O prazo para inscri\u00e7\u00f5es come\u00e7ou hoje e vai at\u00e9 as 21h do dia 9 de julho, exclusivamente pela internet, no\u00a0<a href=\"https:\/\/www2.pgfn.fazenda.gov.br\/ecac\/contribuinte\/login.jsf\" target=\"_blank\" rel=\"noopener noreferrer\">Portal e-CAC PGFN<\/a>. Para se inscrever basta clicar na op\u00e7\u00e3o \u201cPrograma Especial de Regulariza\u00e7\u00e3o Tribut\u00e1ria \u2013 Simples Nacional\u201d, dispon\u00edvel em \u201cades\u00e3o ao parcelamento\u201d.<\/p>\n<div class=\"dnd-widget-wrapper context-cheio_8colunas type-image\">\n<div class=\"dnd-atom-rendered\">\n<figure class=\"mejs-fotoh-wrapper\">\n<p><figure style=\"width: 754px\" class=\"wp-caption alignnone\"><img loading=\"lazy\" decoding=\"async\" class=\"img-responsive full full\" title=\"Dinheiro\/Marcello Casal\/Agencia Brasil\" src=\"http:\/\/imagens.ebc.com.br\/452DXXbtEJqYygAES5zbvRNG9Do=\/754x0\/smart\/http:\/\/agenciabrasil.ebc.com.br\/sites\/default\/files\/atoms\/image\/notas_50_20_10_05_02-1.jpg?itok=SVjcujOA\" alt=\"Dinheiro\" width=\"754\" height=\"467\" \/><figcaption class=\"wp-caption-text\">Ades\u00e3o ao Refis terminar\u00e1 \u00e0s 21h do dia 9 de julho e pode ser feita pela internet (Arquivo\/Marcello Casal\/Agencia Brasil)<\/figcaption><\/figure><\/figure>\n<\/div>\n<\/div>\n<p>O programa abrange os d\u00e9bitos vencidos at\u00e9 a compet\u00eancia do m\u00eas de novembro de 2017 e inscritos em D\u00edvida Ativa da Uni\u00e3o at\u00e9 a data de ades\u00e3o ao programa, inclusive aqueles que foram objeto de parcelamentos anteriores ativos ou rescindidos, ou que est\u00e3o em discuss\u00e3o judicial, mesmo que em fase de execu\u00e7\u00e3o fiscal ajuizada.<\/p>\n<p>Para aderir ao programa, o contribuinte dever\u00e1 pagar uma entrada correspondente a 5% do valor total da d\u00edvida, que poder\u00e1 ser dividida em cinco presta\u00e7\u00f5es mensais. O montante restante poder\u00e1 ser quitado em at\u00e9 175 parcelas. Os juros poder\u00e3o ter redu\u00e7\u00e3o de 50% a 90% e as multas de 25% a 70%, de acordo com o n\u00famero de parcelas.<\/p>\n<h2><strong>Valor da parcela n\u00e3o pode ser inferior a R$ 300<\/strong><\/h2>\n<p>Pelas regras do programa, o valor da parcela n\u00e3o poder\u00e1 ser inferior a R$ 300. Al\u00e9m disso, n\u00e3o s\u00e3o necess\u00e1rias a garantia e\/ou o arrolamento de bens para aderir ao programa.<\/p>\n<p>O projeto, que institu\u00eda o programa, chegou a ser vetado pelo presidente Michel Temer, sob o argumento de que feria a Lei de Responsabilidade Fiscal ao n\u00e3o prever a origem dos recursos que cobririam os descontos aplicados a multas e juros com o parcelamento das d\u00edvidas. Temer voltou atr\u00e1s e o Congresso derrubou o veto no m\u00eas passado.<\/p>\n<p>O veto foi criticado por pequenas ind\u00fastrias e organiza\u00e7\u00f5es que representam o setor. Segundo o Servi\u00e7o Brasileiro de Apoio a Micro e Pequenas Empresas (Sebrae), o Refis pode beneficiar cerca de 600 mil empresas, que devem cerca de R$ 20 bilh\u00f5es \u00e0 Uni\u00e3o.<\/p>\n","protected":false},"excerpt":{"rendered":"<p>A partir de hoje (2), micro e pequenos empres\u00e1rios que est\u00e3o em d\u00edvida com a&#8230;<\/p>\n","protected":false},"author":1,"featured_media":16788,"comment_status":"closed","ping_status":"closed","sticky":false,"template":"","format":"standard","meta":{"footnotes":""},"categories":[9],"tags":[],"class_list":["post-16785","post","type-post","status-publish","format-standard","has-post-thumbnail","hentry","category-economia"],"_links":{"self":[{"href":"https:\/\/www.corumbaonline.com.br\/news\/wp-json\/wp\/v2\/posts\/16785","targetHints":{"allow":["GET"]}}],"collection":[{"href":"https:\/\/www.corumbaonline.com.br\/news\/wp-json\/wp\/v2\/posts"}],"about":[{"href":"https:\/\/www.corumbaonline.com.br\/news\/wp-json\/wp\/v2\/types\/post"}],"author":[{"embeddable":true,"href":"https:\/\/www.corumbaonline.com.br\/news\/wp-json\/wp\/v2\/users\/1"}],"replies":[{"embeddable":true,"href":"https:\/\/www.corumbaonline.com.br\/news\/wp-json\/wp\/v2\/comments?post=16785"}],"version-history":[{"count":1,"href":"https:\/\/www.corumbaonline.com.br\/news\/wp-json\/wp\/v2\/posts\/16785\/revisions"}],"predecessor-version":[{"id":16786,"href":"https:\/\/www.corumbaonline.com.br\/news\/wp-json\/wp\/v2\/posts\/16785\/revisions\/16786"}],"wp:featuredmedia":[{"embeddable":true,"href":"https:\/\/www.corumbaonline.com.br\/news\/wp-json\/wp\/v2\/media\/16788"}],"wp:attachment":[{"href":"https:\/\/www.corumbaonline.com.br\/news\/wp-json\/wp\/v2\/media?parent=16785"}],"wp:term":[{"taxonomy":"category","embeddable":true,"href":"https:\/\/www.corumbaonline.com.br\/news\/wp-json\/wp\/v2\/categories?post=16785"},{"taxonomy":"post_tag","embeddable":true,"href":"https:\/\/www.corumbaonline.com.br\/news\/wp-json\/wp\/v2\/tags?post=16785"}],"curies":[{"name":"wp","href":"https:\/\/api.w.org\/{rel}","templated":true}]}}