{"id":16800,"date":"2018-05-02T10:56:47","date_gmt":"2018-05-02T14:56:47","guid":{"rendered":"http:\/\/www.corumbaonline.com.br\/news\/?p=16800"},"modified":"2018-05-02T11:10:55","modified_gmt":"2018-05-02T15:10:55","slug":"beneficiarios-do-programa-bolsa-familia-participam-do-procon-itinerante","status":"publish","type":"post","link":"https:\/\/www.corumbaonline.com.br\/news\/beneficiarios-do-programa-bolsa-familia-participam-do-procon-itinerante\/","title":{"rendered":"Benefici\u00e1rios do programa Bolsa Fam\u00edlia participam do Procon Itinerante"},"content":{"rendered":"<p>Benefici\u00e1rios do Programa Bolsa Fam\u00edlia participaram na semana passada do Procon Itinerante, uma inciativa da Prefeitura e Corumb\u00e1, por meio da Ag\u00eancia Municipal de Prote\u00e7\u00e3o e Defesa do Consumidor (PROCON).<\/p>\n<p>&nbsp;<\/p>\n<p>Durante a a\u00e7\u00e3o, as moradoras e moradores dos bairros Guanabara, Guarani, Jardim dos Estados, Jardinzinho, Jatob\u00e1 e Jatobazinho receberam v\u00e1rias orienta\u00e7\u00f5es sobre as principais demandas relacionadas ao consumo e a presta\u00e7\u00e3o de servi\u00e7o.<\/p>\n<p>&nbsp;<\/p>\n<p>\u201cFalamos sobre garantia de produtos, e-commerce, recall, gratuidade em eventos culturais, cobran\u00e7as indevidas e sobre servi\u00e7os oferecidos pelas prestadoras de energia, \u00e1gua e telefonia fixa e m\u00f3vel\u201d, explicou o diretor-executivo da Ag\u00eancia Municipal de Prote\u00e7\u00e3o e Defesa do Consumidor, Alexandre do Carmo Taques Vasconcelos.<\/p>\n<p>&nbsp;<\/p>\n<p>A presen\u00e7a do PROCON Itinerante foi solicitada pela secret\u00e1ria municipal de Assist\u00eancia Social, Glaucia Antonia Fonseca dos Santos Iunes. A atividade foi organizada pela coordenadora do CRAS CEU, Adriana Massruh\u00e1.<\/p>\n<p>&nbsp;<\/p>\n<p>O Procon de Corumb\u00e1 funciona ininterruptamente das 07h30 \u00e0s 17h30, de segunda a sexta-feira. A sede fica na rua Sete de Setembro, n\u00famero 222, entre as ruas 13 de Junho e Delamare, no Centro de Corumb\u00e1. O telefone \u00e9 o 3907-5431. Neste ano, por determina\u00e7\u00e3o do prefeito Marcelo Iunes, o Procon de Corumb\u00e1 passou a funcionar em per\u00edodo integral, sem intervalo para almo\u00e7o, de segunda a sexta-feira.<\/p>\n","protected":false},"excerpt":{"rendered":"<p>Benefici\u00e1rios do Programa Bolsa Fam\u00edlia participaram na semana passada do Procon Itinerante, uma inciativa da&#8230;<\/p>\n","protected":false},"author":1,"featured_media":16801,"comment_status":"closed","ping_status":"closed","sticky":false,"template":"","format":"standard","meta":{"footnotes":""},"categories":[19],"tags":[],"class_list":["post-16800","post","type-post","status-publish","format-standard","has-post-thumbnail","hentry","category-politica"],"_links":{"self":[{"href":"https:\/\/www.corumbaonline.com.br\/news\/wp-json\/wp\/v2\/posts\/16800","targetHints":{"allow":["GET"]}}],"collection":[{"href":"https:\/\/www.corumbaonline.com.br\/news\/wp-json\/wp\/v2\/posts"}],"about":[{"href":"https:\/\/www.corumbaonline.com.br\/news\/wp-json\/wp\/v2\/types\/post"}],"author":[{"embeddable":true,"href":"https:\/\/www.corumbaonline.com.br\/news\/wp-json\/wp\/v2\/users\/1"}],"replies":[{"embeddable":true,"href":"https:\/\/www.corumbaonline.com.br\/news\/wp-json\/wp\/v2\/comments?post=16800"}],"version-history":[{"count":1,"href":"https:\/\/www.corumbaonline.com.br\/news\/wp-json\/wp\/v2\/posts\/16800\/revisions"}],"predecessor-version":[{"id":16802,"href":"https:\/\/www.corumbaonline.com.br\/news\/wp-json\/wp\/v2\/posts\/16800\/revisions\/16802"}],"wp:featuredmedia":[{"embeddable":true,"href":"https:\/\/www.corumbaonline.com.br\/news\/wp-json\/wp\/v2\/media\/16801"}],"wp:attachment":[{"href":"https:\/\/www.corumbaonline.com.br\/news\/wp-json\/wp\/v2\/media?parent=16800"}],"wp:term":[{"taxonomy":"category","embeddable":true,"href":"https:\/\/www.corumbaonline.com.br\/news\/wp-json\/wp\/v2\/categories?post=16800"},{"taxonomy":"post_tag","embeddable":true,"href":"https:\/\/www.corumbaonline.com.br\/news\/wp-json\/wp\/v2\/tags?post=16800"}],"curies":[{"name":"wp","href":"https:\/\/api.w.org\/{rel}","templated":true}]}}