{"id":16808,"date":"2018-05-02T11:35:07","date_gmt":"2018-05-02T15:35:07","guid":{"rendered":"http:\/\/www.corumbaonline.com.br\/news\/?p=16808"},"modified":"2018-05-02T12:11:15","modified_gmt":"2018-05-02T16:11:15","slug":"prefeitura-abre-esta-noite-campanha-maio-amarelo","status":"publish","type":"post","link":"https:\/\/www.corumbaonline.com.br\/news\/prefeitura-abre-esta-noite-campanha-maio-amarelo\/","title":{"rendered":"Prefeitura abre esta noite campanha Maio Amarelo"},"content":{"rendered":"<p>A Prefeitura de Corumb\u00e1, por meio da Ag\u00eancia Municipal de Tr\u00e2nsito e Transporte de Corumb\u00e1 (Agetrat), abre hoje, 02 de maio, a campanha \u201cMaio Amarelo 2018 \u2013 N\u00f3s Somos o Tr\u00e2nsito\u201d. A solenidade ser\u00e1 \u00e0s 18h30 no sal\u00e3o social do Sindicato Rural de Corumb\u00e1, na avenida General Rondon, 1449, centro da cidade.<\/p>\n<p>&nbsp;<\/p>\n<p>O Maio Amarelo \u00e9 um movimento internacional de conscientiza\u00e7\u00e3o para redu\u00e7\u00e3o de acidentes de tr\u00e2nsito. O tr\u00e2nsito deve ser seguro para todos em qualquer situa\u00e7\u00e3o. Porque maio? Foi uma proposta da ONU quando decretou a d\u00e9cada de a\u00e7\u00e3o para seguran\u00e7a no tr\u00e2nsito em 11 de maio de 2011. Porque amarelo? A cor amarela foi escolhida por ser a cor da advert\u00eancia no tr\u00e2nsito, sinal de alerta aos motoristas.<\/p>\n<p>&nbsp;<\/p>\n<p>Por que la\u00e7o? O la\u00e7o s\u00edmbolo do movimento \u00e9 um sinal conhecido no mundo inteiro, e o la\u00e7o j\u00e1 representa in\u00fameros movimentos. Quem utilizar o la\u00e7o demonstra que adota posturas de responsabilidade no tr\u00e2nsito e entende o transitar seguro como uma a\u00e7\u00e3o de toda sociedade e n\u00e3o apenas de um organismo especifico.<\/p>\n<p>&nbsp;<\/p>\n<p>O objetivo \u00e9 lembrar as pessoas de algumas regras b\u00e1sicas, levar as pessoas a respeitarem a legisla\u00e7\u00e3o de tr\u00e2nsito. \u201cOs pedestres t\u00eam que atravessar\u201d na faixa, o motociclista n\u00e3o deve se espremer no meio dos carros ou fazer ultrapassagens arriscadas, e ningu\u00e9m, jamais, deve dirigir depois de ter ingerido bebida alco\u00f3lica.<\/p>\n","protected":false},"excerpt":{"rendered":"<p>A Prefeitura de Corumb\u00e1, por meio da Ag\u00eancia Municipal de Tr\u00e2nsito e Transporte de Corumb\u00e1&#8230;<\/p>\n","protected":false},"author":1,"featured_media":0,"comment_status":"closed","ping_status":"closed","sticky":false,"template":"","format":"standard","meta":{"footnotes":""},"categories":[14],"tags":[],"class_list":["post-16808","post","type-post","status-publish","format-standard","hentry","category-geral"],"_links":{"self":[{"href":"https:\/\/www.corumbaonline.com.br\/news\/wp-json\/wp\/v2\/posts\/16808","targetHints":{"allow":["GET"]}}],"collection":[{"href":"https:\/\/www.corumbaonline.com.br\/news\/wp-json\/wp\/v2\/posts"}],"about":[{"href":"https:\/\/www.corumbaonline.com.br\/news\/wp-json\/wp\/v2\/types\/post"}],"author":[{"embeddable":true,"href":"https:\/\/www.corumbaonline.com.br\/news\/wp-json\/wp\/v2\/users\/1"}],"replies":[{"embeddable":true,"href":"https:\/\/www.corumbaonline.com.br\/news\/wp-json\/wp\/v2\/comments?post=16808"}],"version-history":[{"count":1,"href":"https:\/\/www.corumbaonline.com.br\/news\/wp-json\/wp\/v2\/posts\/16808\/revisions"}],"predecessor-version":[{"id":16809,"href":"https:\/\/www.corumbaonline.com.br\/news\/wp-json\/wp\/v2\/posts\/16808\/revisions\/16809"}],"wp:attachment":[{"href":"https:\/\/www.corumbaonline.com.br\/news\/wp-json\/wp\/v2\/media?parent=16808"}],"wp:term":[{"taxonomy":"category","embeddable":true,"href":"https:\/\/www.corumbaonline.com.br\/news\/wp-json\/wp\/v2\/categories?post=16808"},{"taxonomy":"post_tag","embeddable":true,"href":"https:\/\/www.corumbaonline.com.br\/news\/wp-json\/wp\/v2\/tags?post=16808"}],"curies":[{"name":"wp","href":"https:\/\/api.w.org\/{rel}","templated":true}]}}