{"id":16816,"date":"2018-05-02T16:18:41","date_gmt":"2018-05-02T20:18:41","guid":{"rendered":"http:\/\/www.corumbaonline.com.br\/news\/?p=16816"},"modified":"2018-05-02T16:26:29","modified_gmt":"2018-05-02T20:26:29","slug":"prefeito-discute-melhorias-operacionais-e-logisticas-para-pae-e-mae","status":"publish","type":"post","link":"https:\/\/www.corumbaonline.com.br\/news\/prefeito-discute-melhorias-operacionais-e-logisticas-para-pae-e-mae\/","title":{"rendered":"Prefeito discute melhorias operacionais e log\u00edsticas para PAE e MAE"},"content":{"rendered":"<p>O prefeito Marcelo Iunes discutiu melhorias log\u00edsticas e operacionais para o desenvolvimento dos trabalhos dos projetos de Pr\u00e1ticas de A\u00e7\u00f5es Educacionais (PAE) e Manuten\u00e7\u00e3o do Ambiente Escolar (MAE). As atividades s\u00e3o realizadas pela Prefeitura de Corumb\u00e1, por meio da Secretaria Municipal de Educa\u00e7\u00e3o, em parceria com a 7\u00aa Promotoria de Justi\u00e7a de Corumb\u00e1, que \u00e9 respons\u00e1vel por feitos e procedimentos referentes \u00e0 prote\u00e7\u00e3o da inf\u00e2ncia e juventude, do idoso e da pessoa com defici\u00eancia.<\/p>\n<p>&nbsp;<\/p>\n<p>As t\u00e9cnicas do PAE\/MAE, Jaqueline Pagung Ribeiro e Lucilene Barros, detalharam ao chefe do Executivo corumbaense todas as a\u00e7\u00f5es dos projetos que visam reparar atos causados dentro da escola por alunos indisciplinados. Juntas, as Pr\u00e1ticas de A\u00e7\u00f5es Educacionais e a Manuten\u00e7\u00e3o do Ambiente Escolar atendem estudantes na faixa et\u00e1ria de 9 a 17 anos, de 16 escolas municipais urbanas e de cinco rurais.<\/p>\n<p>&nbsp;<\/p>\n<p>A Pr\u00e1tica de A\u00e7\u00e3o Educacional \u00e9 um conjunto de a\u00e7\u00f5es que visa prevenir a viol\u00eancia, criar a cultura da paz, corrigir atos de indisciplina e coibir as infra\u00e7\u00f5es de normas de conviv\u00eancia no \u00e2mbito escolar. J\u00e1 a Manuten\u00e7\u00e3o do Ambiente Escolar, \u00e9 um conjunto de a\u00e7\u00f5es que visa a preven\u00e7\u00e3o e repara\u00e7\u00e3o de danos causados ao ambiente da escola.<\/p>\n<p>&nbsp;<\/p>\n<p>Participou da reuni\u00e3o, no final da manh\u00e3 desta segunda-feira, 02 de maio, o vereador Tadeu Vieira. O parlamentar \u00e9 autor da lei que responsabiliza aluno por atos de vandalismo em patrim\u00f4nio escolar e destrui\u00e7\u00e3o de mobili\u00e1rio.<\/p>\n<p>&nbsp;<\/p>\n<p>\u201cTemos essa preocupa\u00e7\u00e3o, at\u00e9 pelas reclama\u00e7\u00f5es de diretores, coordenadores, professores que sofrem no dia a dia, dentro da sala de aula, as consequ\u00eancias do mau aluno. Criamos essa lei, e n\u00e3o \u00e9 no sentido de punir castigando, mas ensinando. Se sujou a parede, vai limpar a parede; riscou a carteira vai limpar a carteira, rasgou o mapa vai arrumar o mapa. Caso contr\u00e1rio, seus pais ser\u00e3o chamados e responsabilizados. \u00c9 esse trabalho que o PAE e MAE fazem. O prefeito nos garantiu toda estrutura para esse trabalho\u201d, disse o vereador.<\/p>\n<p>&nbsp;<\/p>\n<p>Iunes destacou que o Munic\u00edpio est\u00e1 definindo uma instala\u00e7\u00e3o adequada para as t\u00e9cnicas do PAE\/MAE desenvolverem suas a\u00e7\u00f5es, bem como define as tratativas para o repasse de \u00f4nibus para transporte dos alunos atendidos pelo programa e deslocamento dos servidores que atuam nas atividades das Pr\u00e1ticas de A\u00e7\u00f5es Educacionais (PAE) e Manuten\u00e7\u00e3o do Ambiente Escolar (MAE). tamb\u00e9m acompanharam a reuni\u00e3o o chefe de gabinete F\u00e1bio Luiz Pereira da Silva e o chefe da Casa Civil, Luiz Ant\u00f4nio da Silva.<\/p>\n","protected":false},"excerpt":{"rendered":"<p>O prefeito Marcelo Iunes discutiu melhorias log\u00edsticas e operacionais para o desenvolvimento dos trabalhos dos&#8230;<\/p>\n","protected":false},"author":1,"featured_media":16817,"comment_status":"closed","ping_status":"closed","sticky":false,"template":"","format":"standard","meta":{"footnotes":""},"categories":[8,14],"tags":[],"class_list":["post-16816","post","type-post","status-publish","format-standard","has-post-thumbnail","hentry","category-destaque","category-geral"],"_links":{"self":[{"href":"https:\/\/www.corumbaonline.com.br\/news\/wp-json\/wp\/v2\/posts\/16816","targetHints":{"allow":["GET"]}}],"collection":[{"href":"https:\/\/www.corumbaonline.com.br\/news\/wp-json\/wp\/v2\/posts"}],"about":[{"href":"https:\/\/www.corumbaonline.com.br\/news\/wp-json\/wp\/v2\/types\/post"}],"author":[{"embeddable":true,"href":"https:\/\/www.corumbaonline.com.br\/news\/wp-json\/wp\/v2\/users\/1"}],"replies":[{"embeddable":true,"href":"https:\/\/www.corumbaonline.com.br\/news\/wp-json\/wp\/v2\/comments?post=16816"}],"version-history":[{"count":1,"href":"https:\/\/www.corumbaonline.com.br\/news\/wp-json\/wp\/v2\/posts\/16816\/revisions"}],"predecessor-version":[{"id":16818,"href":"https:\/\/www.corumbaonline.com.br\/news\/wp-json\/wp\/v2\/posts\/16816\/revisions\/16818"}],"wp:featuredmedia":[{"embeddable":true,"href":"https:\/\/www.corumbaonline.com.br\/news\/wp-json\/wp\/v2\/media\/16817"}],"wp:attachment":[{"href":"https:\/\/www.corumbaonline.com.br\/news\/wp-json\/wp\/v2\/media?parent=16816"}],"wp:term":[{"taxonomy":"category","embeddable":true,"href":"https:\/\/www.corumbaonline.com.br\/news\/wp-json\/wp\/v2\/categories?post=16816"},{"taxonomy":"post_tag","embeddable":true,"href":"https:\/\/www.corumbaonline.com.br\/news\/wp-json\/wp\/v2\/tags?post=16816"}],"curies":[{"name":"wp","href":"https:\/\/api.w.org\/{rel}","templated":true}]}}