{"id":16822,"date":"2018-05-02T16:43:06","date_gmt":"2018-05-02T20:43:06","guid":{"rendered":"http:\/\/www.corumbaonline.com.br\/news\/?p=16822"},"modified":"2018-05-02T16:34:06","modified_gmt":"2018-05-02T20:34:06","slug":"assomasul-apoia-seminario-promovido-pela-oab-ms-sobre-a-nova-lei-de-licitacoes","status":"publish","type":"post","link":"https:\/\/www.corumbaonline.com.br\/news\/assomasul-apoia-seminario-promovido-pela-oab-ms-sobre-a-nova-lei-de-licitacoes\/","title":{"rendered":"Assomasul apoia semin\u00e1rio promovido pela OAB-MS sobre a Nova Lei de Licita\u00e7\u00f5es"},"content":{"rendered":"<p>&nbsp;<\/p>\n<p>CAMPO GRANDE<\/p>\n<p>Em parceria com a Assomasul (Associa\u00e7\u00e3o dos Munic\u00edpios de Mato Grosso do Sul), TCE-MS (Tribunal de Contas do Estado) e do IDAMS (Instituto Brasileiro de Direito Administrativo), a OAB-MS (Ordem dos Advogados do Brasil, Seccional Mato Grosso do Sul) promove \u00e0s 14 horas de sexta-feira (4), em Campo Grande, o semin\u00e1rio sobre a \u201cNova Lei de Licita\u00e7\u00f5es\u201d.<\/p>\n<p>Al\u00e9m do presidente da Assomasul, prefeito de Bataguassu, Pedro Caravina, devem participar do evento o ministro da Secretaria de Governo, Carlos Marun (MDB-MS), e os deputados federais Jo\u00e3o Arruda (MDB-PR), relator do Projeto de Lei (PL 6814\/2017), e Augusto Coutinho (SD-PE), presidente da Comiss\u00e3o Especial que discute o tema.<\/p>\n<p>O semin\u00e1rio est\u00e1 sendo organizado pela Comiss\u00e3o de Advogados Publicistas da OAB-MS, juntamente com o Instituto de Direito Administrativo de MS.<\/p>\n<p>Os palestrantes tratar\u00e3o temas relevantes acerca do Projeto de Lei (PL 6814\/2017).<\/p>\n<p>De acordo com a programa\u00e7\u00e3o, haver\u00e1 palestra da doutora em Direito Administrativo, Cristiana Fortini; que \u00e9 professora de gradua\u00e7\u00e3o, Mestrado e Doutorado da UFMG, Presidente da Comiss\u00e3o de Direito Administrativo da OAB\/Minas, Diretora do Instituto Brasileiro de Direito Administrativo e j\u00e1 foi Procuradora-Geral Adjunta e Controladora-Geral de Belo Horizonte.<\/p>\n<p>Doutor em Direito Administrativo pela PUC-SP, Guilherme Carvalho \u00e9 outro palestrante. Ele \u00e9 Professor do Curso de Direito e P\u00f3s-Gradua\u00e7\u00e3o em Direito em Bras\u00edlia e em outras institui\u00e7\u00f5es de ensino. Advogado militante, Parecerista, Articulista, ex-Procurador do Estado do Amap\u00e1, com atua\u00e7\u00e3o na \u00e1rea consultiva (contrata\u00e7\u00e3o p\u00fablica) e nos Tribunais Superiores em Bras\u00edlia, al\u00e9m de vice-presidente da APDA (Associa\u00e7\u00e3o Paulista de Direito Administrativo). Com informa\u00e7\u00f5es da assessoria de imprensa da OAB-MS<\/p>\n","protected":false},"excerpt":{"rendered":"<p>&nbsp; CAMPO GRANDE Em parceria com a Assomasul (Associa\u00e7\u00e3o dos Munic\u00edpios de Mato Grosso do&#8230;<\/p>\n","protected":false},"author":1,"featured_media":0,"comment_status":"closed","ping_status":"closed","sticky":false,"template":"","format":"standard","meta":{"footnotes":""},"categories":[14],"tags":[],"class_list":["post-16822","post","type-post","status-publish","format-standard","hentry","category-geral"],"_links":{"self":[{"href":"https:\/\/www.corumbaonline.com.br\/news\/wp-json\/wp\/v2\/posts\/16822","targetHints":{"allow":["GET"]}}],"collection":[{"href":"https:\/\/www.corumbaonline.com.br\/news\/wp-json\/wp\/v2\/posts"}],"about":[{"href":"https:\/\/www.corumbaonline.com.br\/news\/wp-json\/wp\/v2\/types\/post"}],"author":[{"embeddable":true,"href":"https:\/\/www.corumbaonline.com.br\/news\/wp-json\/wp\/v2\/users\/1"}],"replies":[{"embeddable":true,"href":"https:\/\/www.corumbaonline.com.br\/news\/wp-json\/wp\/v2\/comments?post=16822"}],"version-history":[{"count":1,"href":"https:\/\/www.corumbaonline.com.br\/news\/wp-json\/wp\/v2\/posts\/16822\/revisions"}],"predecessor-version":[{"id":16823,"href":"https:\/\/www.corumbaonline.com.br\/news\/wp-json\/wp\/v2\/posts\/16822\/revisions\/16823"}],"wp:attachment":[{"href":"https:\/\/www.corumbaonline.com.br\/news\/wp-json\/wp\/v2\/media?parent=16822"}],"wp:term":[{"taxonomy":"category","embeddable":true,"href":"https:\/\/www.corumbaonline.com.br\/news\/wp-json\/wp\/v2\/categories?post=16822"},{"taxonomy":"post_tag","embeddable":true,"href":"https:\/\/www.corumbaonline.com.br\/news\/wp-json\/wp\/v2\/tags?post=16822"}],"curies":[{"name":"wp","href":"https:\/\/api.w.org\/{rel}","templated":true}]}}