{"id":16828,"date":"2018-05-03T09:20:07","date_gmt":"2018-05-03T13:20:07","guid":{"rendered":"http:\/\/www.corumbaonline.com.br\/news\/?p=16828"},"modified":"2018-05-03T09:57:44","modified_gmt":"2018-05-03T13:57:44","slug":"plano-nacional-fortalecera-policias-militares-e-corpos-de-bombeiros","status":"publish","type":"post","link":"https:\/\/www.corumbaonline.com.br\/news\/plano-nacional-fortalecera-policias-militares-e-corpos-de-bombeiros\/","title":{"rendered":"Plano nacional fortalecer\u00e1 pol\u00edcias militares e corpos de bombeiros"},"content":{"rendered":"<p>As policias militares e os corpos de bombeiros de todo pa\u00eds devem passar por uma reestrutura\u00e7\u00e3o, segundo o Plano Nacional de Apoio e Fortalecimento das Policias Militares, uma parceria entre os Minist\u00e9rios da Defesa e da Seguran\u00e7a P\u00fablica, assinada ontem (2) em Bras\u00edlia.<\/p>\n<p>\u201cEsse conv\u00eanio coloca em linha o Ex\u00e9rcito Brasileiro, seus recursos, seu pessoal, sua expertise, suas instala\u00e7\u00f5es em linha com as policias militares do Brasil. Isso representa um refor\u00e7o extraordin\u00e1rio n\u00e3o s\u00f3 para o aperfei\u00e7oamento das nossas policias miliares, mas representa a eleva\u00e7\u00e3o do patamar de combate ao crime organizado e o fortalecimento da seguran\u00e7a em todo pa\u00eds\u201d, destacou o ministro da Seguran\u00e7a P\u00fablica, Raul Jungaman.<\/p>\n<p>Na pr\u00e1tica, o Ex\u00e9rcito, respons\u00e1vel por fiscalizar as policias militares e corpos de bombeiros do pa\u00eds, por meio da Inspetoria Geral das Policias Militares (IGPM), far\u00e1, junto com os estados, um diagnostico das necessidades das duas for\u00e7as. \u201cAquilo que ser\u00e1 disponibilizado ser\u00e1 negociado, n\u00e3o ser\u00e1 imposto. \u00c9 preciso discutir com nossos parceiros, que s\u00e3o as policias e corpos de bombeiros, para que se saiba exatamente onde n\u00f3s podemos disponibilizar os recursos, a capacidade, o planejamento e a log\u00edstica do Ex\u00e9rcito Brasileiro\u201d, explicou o ministro da Seguran\u00e7a P\u00fablica.<\/p>\n<h2><strong>For\u00e7as Armadas<\/strong><\/h2>\n<p>Questionado se h\u00e1 uma tend\u00eancia de que as For\u00e7as Armadas sejam empregadas cada vez mais na \u00e1rea de seguran\u00e7a p\u00fablica, Jungmann garantiu que n\u00e3o. \u201cO que n\u00f3s estamos fazendo aqui \u00e9 apoiar e fortalecer. N\u00e3o \u00e9 assumir o lugar ou substituir as pol\u00edcias, mas dar a elas melhores condi\u00e7\u00f5es de enfrentamento do crime organizado e redu\u00e7\u00e3o da viol\u00eancia colocando \u00e0 disposi\u00e7\u00e3o o conhecimento do Ex\u00e9rcito Brasileiro, das For\u00e7as Armadas brasileiras, cuja forma\u00e7\u00e3o est\u00e1 entre as melhores do mundo, alinhando com os recursos e as necessidades das pol\u00edcias. Tenho certeza que esse resultado vai ser sentido pela popula\u00e7\u00e3o\u201d, esclareceu Raul Jungmann.<\/p>\n<h2><strong>Armamento<\/strong><\/h2>\n<p>Apesar de a parceria n\u00e3o implicar em doa\u00e7\u00e3o de armamento do Ex\u00e9rcito para as pol\u00edcias, os ministros da Defesa e da Seguran\u00e7a P\u00fablica disseram que h\u00e1 possibilidade de acontecer de forma pontual. \u201cNo caso do Rio de Janeiro, n\u00f3s fizemos a entrega de fuzis novos, que foram colocados \u00e0 disposi\u00e7\u00e3o das policias locais. Em outros momentos, n\u00f3s j\u00e1 cedemos capacetes, coletes, por exemplo. Evidentemente que n\u00e3o a ponto de cobrir toda a necessidade das policias, porque n\u00e3o seria o caso, mas sempre que necess\u00e1rio e, pontualmente, o Minist\u00e9rio da Defesa e as For\u00e7as Armadas t\u00eam feito essa doa\u00e7\u00e3o\u201d, ressaltou.<\/p>\n<p>Uma verba para armamentos est\u00e1 dispon\u00edvel por meio de uma linha de cr\u00e9dito no valor de R$ 42 bilh\u00f5es, do Banco Nacional de Desenvolvimento Econ\u00f4mico e Social (BNDES), que ser\u00e1 liberada ao longo de cinco anos.<\/p>\n<h2><strong>Recursos<\/strong><\/h2>\n<p>Para essa primeira etapa do plano, o ministro da Defesa, general Silva e Luna, disse que ser\u00e3o empregados R$ 5 milh\u00f5es. Ele reconheceu que os recursos s\u00e3o poucos, mas acredita que, se bem geridos, podem ser suficientes. A verba deve ser priorizada para capacita\u00e7\u00e3o. \u201cA falta de recursos que aconteceu de modo geral nos estados da federa\u00e7\u00e3o, nos organismos de seguran\u00e7a p\u00fablica, levou a uma s\u00e9rie de consequ\u00eancias, muitas delas vis\u00edveis. E isso desmotiva o nosso profissional. Nosso policial militar. Nossa pol\u00edcia civil. Ent\u00e3o quando eles se verem motivados, melhor capacitados, melhor preparados, se sentem valorizados. E \u00e9 um passo importante\u201d, destacou Silva e Luna.<\/p>\n","protected":false},"excerpt":{"rendered":"<p>As policias militares e os corpos de bombeiros de todo pa\u00eds devem passar por uma&#8230;<\/p>\n","protected":false},"author":1,"featured_media":0,"comment_status":"closed","ping_status":"closed","sticky":false,"template":"","format":"standard","meta":{"footnotes":""},"categories":[14],"tags":[],"class_list":["post-16828","post","type-post","status-publish","format-standard","hentry","category-geral"],"_links":{"self":[{"href":"https:\/\/www.corumbaonline.com.br\/news\/wp-json\/wp\/v2\/posts\/16828","targetHints":{"allow":["GET"]}}],"collection":[{"href":"https:\/\/www.corumbaonline.com.br\/news\/wp-json\/wp\/v2\/posts"}],"about":[{"href":"https:\/\/www.corumbaonline.com.br\/news\/wp-json\/wp\/v2\/types\/post"}],"author":[{"embeddable":true,"href":"https:\/\/www.corumbaonline.com.br\/news\/wp-json\/wp\/v2\/users\/1"}],"replies":[{"embeddable":true,"href":"https:\/\/www.corumbaonline.com.br\/news\/wp-json\/wp\/v2\/comments?post=16828"}],"version-history":[{"count":1,"href":"https:\/\/www.corumbaonline.com.br\/news\/wp-json\/wp\/v2\/posts\/16828\/revisions"}],"predecessor-version":[{"id":16829,"href":"https:\/\/www.corumbaonline.com.br\/news\/wp-json\/wp\/v2\/posts\/16828\/revisions\/16829"}],"wp:attachment":[{"href":"https:\/\/www.corumbaonline.com.br\/news\/wp-json\/wp\/v2\/media?parent=16828"}],"wp:term":[{"taxonomy":"category","embeddable":true,"href":"https:\/\/www.corumbaonline.com.br\/news\/wp-json\/wp\/v2\/categories?post=16828"},{"taxonomy":"post_tag","embeddable":true,"href":"https:\/\/www.corumbaonline.com.br\/news\/wp-json\/wp\/v2\/tags?post=16828"}],"curies":[{"name":"wp","href":"https:\/\/api.w.org\/{rel}","templated":true}]}}