{"id":16837,"date":"2018-05-03T08:20:35","date_gmt":"2018-05-03T12:20:35","guid":{"rendered":"http:\/\/www.corumbaonline.com.br\/news\/?p=16837"},"modified":"2018-05-03T08:20:35","modified_gmt":"2018-05-03T12:20:35","slug":"bandeira-tarifaria-amarela-requer-mais-atencao-do-consumidor-no-uso-da-energia-eletrica","status":"publish","type":"post","link":"https:\/\/www.corumbaonline.com.br\/news\/bandeira-tarifaria-amarela-requer-mais-atencao-do-consumidor-no-uso-da-energia-eletrica\/","title":{"rendered":"Bandeira tarif\u00e1ria amarela requer mais aten\u00e7\u00e3o do consumidor no uso da energia el\u00e9trica"},"content":{"rendered":"<p>A Ag\u00eancia Nacional de Energia El\u00e9trica (Aneel) anunciou que a bandeira tarif\u00e1ria de maio ser\u00e1 amarela, ou seja, a conta de energia ter\u00e1, neste m\u00eas, um acr\u00e9scimo em rela\u00e7\u00e3o ao valor m\u00e9dio que o consumidor est\u00e1 acostumado a pagar. Isso acontece porque atualmente as condi\u00e7\u00f5es de gera\u00e7\u00e3o de energia a partir de diferentes tipos de usinas em opera\u00e7\u00e3o no Brasil, hidrel\u00e9tricas e termel\u00e9tricas, est\u00e3o menos favor\u00e1veis, o que influencia o custo da energia el\u00e9trica.<\/p>\n<p>O acr\u00e9scimo da bandeira amarela \u00e9 de R$ 1,00 a cada 100 (kWh) consumidos.<\/p>\n<p><strong>Condi\u00e7\u00f5es de gera\u00e7\u00e3o<\/strong><\/p>\n<p>Com o fim do per\u00edodo \u00famido e a menor incid\u00eancia de chuvas, os reservat\u00f3rios das hidrel\u00e9tricas do Sudeste, Centro-Oeste e Nordeste est\u00e3o com volumes mais baixos, o que resulta em gradual aumento do risco hidrol\u00f3gico e do pre\u00e7o da energia el\u00e9trica de curto prazo, as duas vari\u00e1veis que determinam a bandeira a ser acionada.<\/p>\n<p><strong>Economia<\/strong><\/p>\n<p>O h\u00e1bito de economizar e de utilizar racionalmente a energia el\u00e9trica, necess\u00e1rio o ano todo, deve ser adotado ainda com mais aten\u00e7\u00e3o.<\/p>\n<p><em>Chuveiro el\u00e9trico<\/em><\/p>\n<ul>\n<li>Tomar banhos mais curtos, de at\u00e9 cinco minutos.<\/li>\n<\/ul>\n<p><em>Geladeira<\/em><\/p>\n<ul>\n<li>S\u00f3 deixar a porta da geladeira aberta o tempo que for necess\u00e1rio<\/li>\n<li>Regular a temperatura interna de acordo com o manual de instru\u00e7\u00f5es<\/li>\n<li>Nunca colocar alimentos quentes dentro da geladeira<\/li>\n<li>Deixar espa\u00e7o para ventila\u00e7\u00e3o na parte de tr\u00e1s da geladeira e n\u00e3o a utilizar para secar panos<\/li>\n<li>N\u00e3o forrar as prateleiras<\/li>\n<li>Descongelar a geladeira e verificar as borrachas de veda\u00e7\u00e3o regularmente<\/li>\n<\/ul>\n<p><em>Ilumina\u00e7\u00e3o<\/em><\/p>\n<ul>\n<li>Utilizar ilumina\u00e7\u00e3o natural ou l\u00e2mpadas econ\u00f4micas e apagar a luz ao sair de um c\u00f4modo; pintar o ambiente com cores claras<\/li>\n<\/ul>\n<p><em>Ferro de passar<\/em><\/p>\n<ul>\n<li>Juntar roupas para passar de uma s\u00f3 vez<\/li>\n<li>Separar as roupas por tipo e come\u00e7ar por aquelas que exigem menor temperatura<\/li>\n<li>Nunca deixe o ferro ligado enquanto faz outra coisa<\/li>\n<\/ul>\n<p><em>Aparelhos em stand-by<\/em><\/p>\n<ul>\n<li>Retirar os aparelhos da tomada quando poss\u00edvel ou durante longas aus\u00eancias<\/li>\n<\/ul>\n","protected":false},"excerpt":{"rendered":"<p>A Ag\u00eancia Nacional de Energia El\u00e9trica (Aneel) anunciou que a bandeira tarif\u00e1ria de maio ser\u00e1&#8230;<\/p>\n","protected":false},"author":1,"featured_media":0,"comment_status":"closed","ping_status":"closed","sticky":false,"template":"","format":"standard","meta":{"footnotes":""},"categories":[9],"tags":[],"class_list":["post-16837","post","type-post","status-publish","format-standard","hentry","category-economia"],"_links":{"self":[{"href":"https:\/\/www.corumbaonline.com.br\/news\/wp-json\/wp\/v2\/posts\/16837","targetHints":{"allow":["GET"]}}],"collection":[{"href":"https:\/\/www.corumbaonline.com.br\/news\/wp-json\/wp\/v2\/posts"}],"about":[{"href":"https:\/\/www.corumbaonline.com.br\/news\/wp-json\/wp\/v2\/types\/post"}],"author":[{"embeddable":true,"href":"https:\/\/www.corumbaonline.com.br\/news\/wp-json\/wp\/v2\/users\/1"}],"replies":[{"embeddable":true,"href":"https:\/\/www.corumbaonline.com.br\/news\/wp-json\/wp\/v2\/comments?post=16837"}],"version-history":[{"count":1,"href":"https:\/\/www.corumbaonline.com.br\/news\/wp-json\/wp\/v2\/posts\/16837\/revisions"}],"predecessor-version":[{"id":16838,"href":"https:\/\/www.corumbaonline.com.br\/news\/wp-json\/wp\/v2\/posts\/16837\/revisions\/16838"}],"wp:attachment":[{"href":"https:\/\/www.corumbaonline.com.br\/news\/wp-json\/wp\/v2\/media?parent=16837"}],"wp:term":[{"taxonomy":"category","embeddable":true,"href":"https:\/\/www.corumbaonline.com.br\/news\/wp-json\/wp\/v2\/categories?post=16837"},{"taxonomy":"post_tag","embeddable":true,"href":"https:\/\/www.corumbaonline.com.br\/news\/wp-json\/wp\/v2\/tags?post=16837"}],"curies":[{"name":"wp","href":"https:\/\/api.w.org\/{rel}","templated":true}]}}